{"id":106878,"date":"2025-05-17T11:45:08","date_gmt":"2025-05-17T11:45:08","guid":{"rendered":"https:\/\/www.europesays.com\/fr\/106878\/"},"modified":"2025-05-17T11:45:08","modified_gmt":"2025-05-17T11:45:08","slug":"ces-jeunes-actifs-qui-dependent-de-leurs-grands-parents","status":"publish","type":"post","link":"https:\/\/www.europesays.com\/fr\/106878\/","title":{"rendered":"ces jeunes actifs qui d\u00e9pendent de leurs grands-parents"},"content":{"rendered":"<p><strong>T\u00c9MOIGNAGES &#8211;<\/strong> Loyers, achat immobilier, projets de vie\u00a0: ils sont de plus en plus nombreux \u00e0 s\u2019en remettre au soutien financier de leurs a\u00een\u00e9s. Non sans un certain malaise.<\/p>\n<p class=\"fig-paragraph\">\u00abJ\u2019ai honte de cette d\u00e9pendance. Mais sans l\u2019aide de ma grand-m\u00e8re, je ne tiendrais pas.\u00bb \u00c0 29 ans, Adrien, qui a lanc\u00e9 son<a href=\"http:\/\/www.lefigaro.fr\/societes\/oubliez-votre-charabia-l-administration-trump-resserre-son-etau-sur-les-cabinets-de-conseil-20250402\" data-fig-type=\"NewsFlash\" data-gtm-custom-categorie=\"navigation\" data-gtm-custom-action=\"crossclick\" data-gtm-custom-label=\"Contextuel\" data-gtm-event=\"customEventSPE\" data-fig-domain=\"LEFIGARO\" target=\"_blank\" rel=\"noopener\">\u00a0cabinet de conseil<\/a>\u00a0en logistique apr\u00e8s plusieurs ann\u00e9es pass\u00e9es chez des g\u00e9ants de la distribution, s\u2019estime \u00abchanceux\u00bb. Deux ans apr\u00e8s s\u2019\u00eatre mis \u00e0 son compte, ce Parisien s\u2019en sort avec 2000 euros net par mois, une fois les frais professionnels pay\u00e9s. Mais entre le loyer \u2013 1200 euros pour un 25m\u00b2 dans le 17 arrondissement \u2013 les courses et autres\u00a0<a href=\"http:\/\/www.lefigaro.fr\/conjoncture\/dans-les-transports-sur-la-voie-publique-defendue-par-la-droite-la-reconnaissance-faciale-reste-un-tabou-en-france-20250513\" data-fig-type=\"NewsFlash\" data-gtm-custom-categorie=\"navigation\" data-gtm-custom-action=\"crossclick\" data-gtm-custom-label=\"Contextuel\" data-gtm-event=\"customEventSPE\" data-fig-domain=\"LEFIGARO\" target=\"_blank\" rel=\"noopener\">d\u00e9penses de transport<\/a>\u00a0et d\u2019abonnements, les fins de mois sont \u00absouvent difficiles\u00bb \u00e0 boucler. \u00abSi je n\u2019avais pas les 500 euros mensuels de ma grand-m\u00e8re, j\u2019aurais l\u00e2ch\u00e9 l\u2019affaire depuis longtemps\u00bb, avoue le jeune actif.<\/p>\n<p class=\"fig-paragraph\">Comme Adrien, de nombreux jeunes actifs\u2026<\/p>\n<p class=\"fig-premium-paywall__infos\">\n        Cet article est r\u00e9serv\u00e9 aux abonn\u00e9s.        Il vous reste 85% \u00e0 d\u00e9couvrir.\n    <\/p>\n<p>                <img  data- alt=\"Le Figaro\" class=\"fig-img--complete fig-img\"\/><\/p>\n<p class=\"fig-premium-paywall__title\">Vente Flash<\/p>\n<p class=\"fig-premium-paywall__subtitle\">4,99\u20ac par mois pendant 12 mois. Sans engagement.<\/p>\n<p class=\"fig-premium-paywall__connect\">\n                D\u00e9j\u00e0 abonn\u00e9\u00a0?                <a class=\"fig-premium-paywall__connect-link\" href=\"https:\/\/connect.lefigaro.fr\/login?client=horizon_web&amp;type=main&amp;redirect_uri=https%3A%2F%2Fwww.lefigaro.fr%2Fconjoncture%2Fj-ai-honte-mais-sans-eux-je-ne-tiendrais-pas-financierement-ces-jeunes-actifs-qui-dependent-de-leurs-grands-parents-20250517\" data-js-gtm=\"{&quot;customCategorie&quot;: &quot;conversion&quot;, &quot;customAction&quot;: &quot;before_Landing_Connexion_paywall_manuel&quot;, &quot;customLabel&quot;: &quot;bGVmaWdhcm8uZnJfXzFmMDMwYmQwLTgzYjUtNmZiZS1hNTM1LTg3OTAzYzA2N2QxZl9fQXJ0aWNsZQ==_\u00abJ\u2019ai honte, mais sans eux, je ne tiendrais pas financi\u00e8rement\u00bb\u00a0: ces jeunes actifs qui d\u00e9pendent de leurs grands-parents_39&quot;, &quot;customIDSPE&quot;: &quot;bGVmaWdhcm8uZnJfXzFmMDMwYmQwLTgzYjUtNmZiZS1hNTM1LTg3OTAzYzA2N2QxZl9fQXJ0aWNsZQ==&quot;, &quot;event&quot;: &quot;customEventSPE&quot;}\" target=\"_blank\" rel=\"noopener\"><br \/>\n                    Connectez-vous<br \/>\n                <\/a>\n            <\/p>\n","protected":false},"excerpt":{"rendered":"T\u00c9MOIGNAGES &#8211; Loyers, achat immobilier, projets de vie\u00a0: ils sont de plus en plus nombreux \u00e0 s\u2019en remettre&hellip;\n","protected":false},"author":2,"featured_media":106879,"comment_status":"","ping_status":"","sticky":false,"template":"","format":"standard","meta":{"footnotes":""},"categories":[6],"tags":[339,340,35,343,345,350,130,344,352,349,33,34,341,313,1011,27,346,1116,342,353,351,347,2551,348,137,354],"class_list":{"0":"post-106878","1":"post","2":"type-post","3":"status-publish","4":"format-standard","5":"has-post-thumbnail","7":"category-economie","8":"tag-actualite-economique","9":"tag-bourse","10":"tag-business","11":"tag-cac-40","12":"tag-chef-dentreprise","13":"tag-concurrence","14":"tag-consommation","15":"tag-creation-dentreprise","16":"tag-crise","17":"tag-delocalisations","18":"tag-economie","19":"tag-economy","20":"tag-emploi","21":"tag-entreprises","22":"tag-fr","23":"tag-france","24":"tag-grands-patrons","25":"tag-immobilier","26":"tag-impots","27":"tag-licenciements","28":"tag-monopole","29":"tag-multinationales","30":"tag-patrimoine","31":"tag-privatisation","32":"tag-retraite","33":"tag-unio"},"share_on_mastodon":{"url":"https:\/\/pubeurope.com\/@fr\/114523008098291292","error":""},"_links":{"self":[{"href":"https:\/\/www.europesays.com\/fr\/wp-json\/wp\/v2\/posts\/106878","targetHints":{"allow":["GET"]}}],"collection":[{"href":"https:\/\/www.europesays.com\/fr\/wp-json\/wp\/v2\/posts"}],"about":[{"href":"https:\/\/www.europesays.com\/fr\/wp-json\/wp\/v2\/types\/post"}],"author":[{"embeddable":true,"href":"https:\/\/www.europesays.com\/fr\/wp-json\/wp\/v2\/users\/2"}],"replies":[{"embeddable":true,"href":"https:\/\/www.europesays.com\/fr\/wp-json\/wp\/v2\/comments?post=106878"}],"version-history":[{"count":0,"href":"https:\/\/www.europesays.com\/fr\/wp-json\/wp\/v2\/posts\/106878\/revisions"}],"wp:featuredmedia":[{"embeddable":true,"href":"https:\/\/www.europesays.com\/fr\/wp-json\/wp\/v2\/media\/106879"}],"wp:attachment":[{"href":"https:\/\/www.europesays.com\/fr\/wp-json\/wp\/v2\/media?parent=106878"}],"wp:term":[{"taxonomy":"category","embeddable":true,"href":"https:\/\/www.europesays.com\/fr\/wp-json\/wp\/v2\/categories?post=106878"},{"taxonomy":"post_tag","embeddable":true,"href":"https:\/\/www.europesays.com\/fr\/wp-json\/wp\/v2\/tags?post=106878"}],"curies":[{"name":"wp","href":"https:\/\/api.w.org\/{rel}","templated":true}]}}