{"id":106880,"date":"2025-05-17T11:46:09","date_gmt":"2025-05-17T11:46:09","guid":{"rendered":"https:\/\/www.europesays.com\/fr\/106880\/"},"modified":"2025-05-17T11:46:09","modified_gmt":"2025-05-17T11:46:09","slug":"layatollah-khamenei-estime-que-donald-trump-ment-lorsquil-dit-chercher-la-paix-a-gaza","status":"publish","type":"post","link":"https:\/\/www.europesays.com\/fr\/106880\/","title":{"rendered":"l\u2019ayatollah Khamenei estime que Donald Trump \u00abment\u00bb lorsqu\u2019il dit chercher la paix \u00e0 Gaza"},"content":{"rendered":"<p>Donald Trump a affirm\u00e9, lors de sa visite dans le Golfe, que \u00abquelque chose de grave allait se produire\u00bb si l\u2019Iran ne r\u00e9agissait pas rapidement \u00e0 la proposition am\u00e9ricaine concernant son programme nucl\u00e9aire.<\/p>\n<p class=\"fig-paragraph\">Le guide supr\u00eame iranien, l\u2019ayatollah Ali Khamenei, a d\u00e9clar\u00e9 samedi que les commentaires du pr\u00e9sident am\u00e9ricain Donald Trump sur son pays lors de sa visite dans le Golfe \u00abne m\u00e9ritaient pas qu\u2019on y r\u00e9ponde\u00bb.<\/p>\n<p class=\"fig-paragraph\">Khamenei a affirm\u00e9 que Trump mentait lorsqu\u2019il affirmait\u00a0<a href=\"http:\/\/www.lefigaro.fr\/international\/nucleaire-l-iran-acceptera-un-accord-avec-les-etats-unis-en-echange-de-la-levee-des-sanctions-20250515\" data-fig-type=\"NewsFlash\" data-gtm-custom-categorie=\"navigation\" data-gtm-custom-action=\"crossclick\" data-gtm-custom-label=\"Contextuel\" data-gtm-event=\"customEventSPE\" data-fig-domain=\"LEFIGARO\" target=\"_blank\" rel=\"noopener\">vouloir la paix<\/a>, citant des d\u00e9clarations du pr\u00e9sident am\u00e9ricain lors de son voyage dans le Golfe. \u00abTrump a affirm\u00e9 vouloir utiliser la force pour parvenir \u00e0 la paix, mais il a menti. Lui, les responsables et les gouvernements am\u00e9ricains ont utilis\u00e9 le pouvoir pour soutenir le massacre \u00e0 Gaza\u00bb, a-t-il indiqu\u00e9 dans un discours tenu \u00e0 T\u00e9h\u00e9ran.<\/p>\n<p>Khamenei a exhort\u00e9 les \u00c9tats-Unis \u00e0 quitter le Moyen-Orient<\/p>\n<p class=\"fig-paragraph\">Donald Trump a \u00e9galement affirm\u00e9 que l\u2019Iran devrait r\u00e9agir rapidement \u00e0 une proposition am\u00e9ricaine concernant son programme nucl\u00e9aire, faute de quoi \u00abquelque chose de grave allait se produire\u00bb. L\u2019administration du pr\u00e9sident am\u00e9ricain<a href=\"http:\/\/www.lefigaro.fr\/international\/bonne-chance-a-la-syrie-donald-trump-adoube-ahmed-al-charaa-et-leve-les-sanctions-contre-damas-20250514\" target=\"_blank\" data-fig-type=\"Article\" rel=\"noopener\" data-gtm-custom-categorie=\"navigation\" data-gtm-custom-action=\"crossclick\" data-gtm-custom-label=\"Contextuel\" data-gtm-event=\"customEventSPE\" data-fig-domain=\"LEFIGARO\">\u00a0Donald Trump<\/a>\u00a0a adopt\u00e9 une politique de \u00abpression maximale\u00bb \u00e0 l\u2019\u00e9gard de l\u2019Iran et impos\u00e9 de nouvelles sanctions tout en menant des n\u00e9gociations avec T\u00e9h\u00e9ran qui cherche \u00e0 obtenir la lev\u00e9e de ces mesures qui \u00e9tranglent son \u00e9conomie.<\/p>\n<p class=\"fig-paragraph\">L\u2019ayatollah Ali Khamenei a exhort\u00e9 samedi les \u00c9tats-Unis \u00e0 quitter le Moyen-Orient, alors que des discussions indirectes sont en cours entre les deux pays sur le programme nucl\u00e9aire iranien. \u00abAvec la d\u00e9termination des nations de la r\u00e9gion (du Moyen-Orient), l\u2019Am\u00e9rique doit quitter la r\u00e9gion et la quittera\u00bb, a-t-il indiqu\u00e9 dans un discours tenu \u00e0 T\u00e9h\u00e9ran.<\/p>\n","protected":false},"excerpt":{"rendered":"Donald Trump a affirm\u00e9, lors de sa visite dans le Golfe, que \u00abquelque chose de grave allait se&hellip;\n","protected":false},"author":2,"featured_media":106881,"comment_status":"","ping_status":"","sticky":false,"template":"","format":"standard","meta":{"footnotes":""},"categories":[5],"tags":[259,11,260,22405,75,1011,27,14,3019,261,12,5654,262,28],"class_list":{"0":"post-106880","1":"post","2":"type-post","3":"status-publish","4":"format-standard","5":"has-post-thumbnail","7":"category-international","8":"tag-actualite-internationale","9":"tag-actualites","10":"tag-affaires-etrangeres","11":"tag-ali-khamenei","12":"tag-donald-trump","13":"tag-fr","14":"tag-france","15":"tag-international","16":"tag-iran","17":"tag-ministere-des-affaires-etrangeres","18":"tag-news","19":"tag-nucleaire","20":"tag-politique-etrangere","21":"tag-world"},"share_on_mastodon":{"url":"https:\/\/pubeurope.com\/@fr\/114523012012982759","error":""},"_links":{"self":[{"href":"https:\/\/www.europesays.com\/fr\/wp-json\/wp\/v2\/posts\/106880","targetHints":{"allow":["GET"]}}],"collection":[{"href":"https:\/\/www.europesays.com\/fr\/wp-json\/wp\/v2\/posts"}],"about":[{"href":"https:\/\/www.europesays.com\/fr\/wp-json\/wp\/v2\/types\/post"}],"author":[{"embeddable":true,"href":"https:\/\/www.europesays.com\/fr\/wp-json\/wp\/v2\/users\/2"}],"replies":[{"embeddable":true,"href":"https:\/\/www.europesays.com\/fr\/wp-json\/wp\/v2\/comments?post=106880"}],"version-history":[{"count":0,"href":"https:\/\/www.europesays.com\/fr\/wp-json\/wp\/v2\/posts\/106880\/revisions"}],"wp:featuredmedia":[{"embeddable":true,"href":"https:\/\/www.europesays.com\/fr\/wp-json\/wp\/v2\/media\/106881"}],"wp:attachment":[{"href":"https:\/\/www.europesays.com\/fr\/wp-json\/wp\/v2\/media?parent=106880"}],"wp:term":[{"taxonomy":"category","embeddable":true,"href":"https:\/\/www.europesays.com\/fr\/wp-json\/wp\/v2\/categories?post=106880"},{"taxonomy":"post_tag","embeddable":true,"href":"https:\/\/www.europesays.com\/fr\/wp-json\/wp\/v2\/tags?post=106880"}],"curies":[{"name":"wp","href":"https:\/\/api.w.org\/{rel}","templated":true}]}}