{"id":106890,"date":"2025-05-17T11:52:33","date_gmt":"2025-05-17T11:52:33","guid":{"rendered":"https:\/\/www.europesays.com\/fr\/106890\/"},"modified":"2025-05-17T11:52:33","modified_gmt":"2025-05-17T11:52:33","slug":"votez-pour-la-plus-belle-vitrine-de-noel-avec-lorraine-actu","status":"publish","type":"post","link":"https:\/\/www.europesays.com\/fr\/106890\/","title":{"rendered":"votez pour la plus belle vitrine de No\u00ebl avec Lorraine Actu"},"content":{"rendered":"<p>            Par<br \/>\n        <strong><br \/>\n            <a href=\"https:\/\/actu.fr\/auteur\/pierrechemel\" title=\"Consulter tous les articles de Pierre Chemel\" target=\"_blank\" rel=\"noopener\">Pierre Chemel<\/a><br \/>\n        <\/strong><\/p>\n<p>        Publi\u00e9 le<\/p>\n<p>            2 d\u00e9c. 2024 \u00e0 17h40        <\/p>\n<p>A l\u2019occasion des <strong>f\u00eates de No\u00ebl<\/strong> \u00e0 <a href=\"https:\/\/actu.fr\/grand-est\/nancy_54395\" target=\"_blank\" rel=\"noopener\">Nancy<\/a>, plongez dans l\u2019atmosph\u00e8re <strong>magique<\/strong> cr\u00e9\u00e9e par les <strong>vitrines d\u00e9cor\u00e9es<\/strong> des commer\u00e7ants nanc\u00e9iens et <strong>d\u00e9signez<\/strong> la plus belle d\u2019entre elles.<\/p>\n<p class=\" wall-content\">Lorraine Actu, en partenariat avec la <a href=\"https:\/\/www.nancy.fr\/accueil\" target=\"_blank\" rel=\"noopener\">Ville de Nancy<\/a>, la CCI (Chambre de commerce et d\u2019industrie) de Nancy et l\u2019association de commer\u00e7ants Vitrines de Nancy, organise jusqu\u2019au 24 d\u00e9cembre un <strong>jeu concours<\/strong> intitul\u00e9 \u00ab\u00a0La plus belle vitrine de No\u00ebl\u00a0\u00bb.<\/p>\n<p class=\" wall-content\"><strong>Votez ci-dessous<\/strong> pour la plus belle vitrine parmi les 70 commer\u00e7ants participants en cliquant sur \u00ab\u00a0<strong>Commencer<\/strong>\u00ab\u00a0. La vitrine ayant recueilli le plus de voix sera d\u00e9sign\u00e9e plus belle vitrine de No\u00ebl 2024. Si vous ne parvenez pas \u00e0 voter dans le module ci-dessous, vous pouvez le faire <a href=\"https:\/\/www.riddle.com\/view\/PPiTIGOh\" target=\"_blank\" rel=\"noopener\">en cliquant sur ce lien direct<\/a>.<\/p>\n<p>    <a href=\"https:\/\/www.riddle.com\/embed\/a\/PPiTIGOh?lazyImages=false&amp;staticHeight=false\" title=\"Ouvrie le lien\" target=\"_blank\" rel=\"noopener\">Cliquez ici pour visualiser le contenu<\/a><\/p>\n<p>Votez jusqu\u2019au 24 d\u00e9cembre<\/p>\n<p class=\" wall-content\">Vous avez jusqu\u2019au 24 d\u00e9cembre pour voter. Un <strong>tirage au sort<\/strong> parmi les internautes participants permettra de gagner des <strong>bons d\u2019achats<\/strong> et de tenter de remporter une <strong>journ\u00e9e en famille pour quatre personnes \u00e0 Disneyland Paris<\/strong>. Le commer\u00e7ant \u00e9lu par les internautes remportera quant \u00e0 lui une campagne publicitaire sur Lorraine Actu.<\/p>\n<p>Vid\u00e9os : en ce moment sur Actu<\/p>\n<p class=\" wall-content\">\u00ab\u00a0L\u2019\u00e9lection de la plus belle vitrine de No\u00ebl\u2009permet aux commer\u00e7ants nanc\u00e9iens de mobiliser leurs \u00e9quipes autour d\u2019un projet f\u00e9d\u00e9rateur, festif et valorisant\u00a0\u00bb, estime <a href=\"https:\/\/actu.fr\/grand-est\/nancy_54395\/nancy-jeu-concours-de-la-plus-belle-vitrine-de-noel-un-projet-federateur-festif-et-valorisant_61918798.html\" target=\"_blank\" rel=\"noopener\">Yves Schultz<\/a>, directeur du p\u00f4le Service aux entreprises \u00e0 la CCI du Grand Nancy. \u00ab\u00a0C\u2019est bon pour le moral, surtout dans ce climat social compliqu\u00e9\u00a0\u00bb, ajoute <a href=\"https:\/\/actu.fr\/grand-est\/nancy_54395\/nancy-jeu-concours-de-la-plus-belle-vitrine-de-noel-donner-un-esprit-de-fete-a-la-ville_61901290.html\" target=\"_blank\" rel=\"noopener\">S\u00e9bastien Duchowicz<\/a>, pr\u00e9sident des Vitrines de Nancy.<\/p>\n<p>    <img   decoding=\"async\" loading=\"lazy\" src=\"https:\/\/www.europesays.com\/fr\/wp-content\/uploads\/2025\/05\/vitrines-noel-nancy-960x640.png\" alt=\"Des stickers identiques \u00e0 celui-ci sont pr\u00e9sents sur les vitrines des commer\u00e7ants participants.\" width=\"960\" height=\"640\"\/><br \/>\n    Des stickers identiques \u00e0 celui-ci sont pr\u00e9sents sur les vitrines des commer\u00e7ants participants. (\u00a9actu.fr)<\/p>\n<p class=\" wall-content\">Alors \u00e0 vos claviers ou \u00e0 vos smartphones, chaussez vos bottes fourr\u00e9es, c\u2019est parti pour faire le tour de la ville et d\u00e9signer votre vitrine pr\u00e9f\u00e9r\u00e9e. Bon vote !<\/p>\n<p class=\" wall-content\">Suivez toute l\u2019actualit\u00e9 de vos villes et m\u00e9dias favoris en vous inscrivant \u00e0 <a href=\"https:\/\/moncompte.actu.fr\" title=\"D\u00e9couvez Mon Actu\" rel=\"nofollow noopener\" data-trk=\"{&quot;cta&quot;:{&quot;action&quot;:&quot;https:\\\/\\\/moncompte.actu.fr&quot;,&quot;category&quot;:&quot;mon compte&quot;,&quot;from&quot;:&quot;article footer&quot;,&quot;name&quot;:&quot;Mon actu&quot;,&quot;type&quot;:&quot;cta&quot;}}\" target=\"_blank\">Mon Actu<\/a>.<\/p>\n","protected":false},"excerpt":{"rendered":"Par Pierre Chemel Publi\u00e9 le 2 d\u00e9c. 2024 \u00e0 17h40 A l\u2019occasion des f\u00eates de No\u00ebl \u00e0 Nancy,&hellip;\n","protected":false},"author":2,"featured_media":106891,"comment_status":"","ping_status":"","sticky":false,"template":"","format":"standard","meta":{"footnotes":""},"categories":[9635],"tags":[1111,11,11226,215,1777,674,1011,27,775,1702,12,15830,25,104],"class_list":{"0":"post-106890","1":"post","2":"type-post","3":"status-publish","4":"format-standard","5":"has-post-thumbnail","7":"category-nancy","8":"tag-actu","9":"tag-actualites","10":"tag-bons-plans-a-nancy","11":"tag-commerce","12":"tag-eu","13":"tag-europe","14":"tag-fr","15":"tag-france","16":"tag-grand-est","17":"tag-nancy","18":"tag-news","19":"tag-noel","20":"tag-republique-francaise","21":"tag-societe"},"share_on_mastodon":{"url":"https:\/\/pubeurope.com\/@fr\/114523035621759377","error":""},"_links":{"self":[{"href":"https:\/\/www.europesays.com\/fr\/wp-json\/wp\/v2\/posts\/106890","targetHints":{"allow":["GET"]}}],"collection":[{"href":"https:\/\/www.europesays.com\/fr\/wp-json\/wp\/v2\/posts"}],"about":[{"href":"https:\/\/www.europesays.com\/fr\/wp-json\/wp\/v2\/types\/post"}],"author":[{"embeddable":true,"href":"https:\/\/www.europesays.com\/fr\/wp-json\/wp\/v2\/users\/2"}],"replies":[{"embeddable":true,"href":"https:\/\/www.europesays.com\/fr\/wp-json\/wp\/v2\/comments?post=106890"}],"version-history":[{"count":0,"href":"https:\/\/www.europesays.com\/fr\/wp-json\/wp\/v2\/posts\/106890\/revisions"}],"wp:featuredmedia":[{"embeddable":true,"href":"https:\/\/www.europesays.com\/fr\/wp-json\/wp\/v2\/media\/106891"}],"wp:attachment":[{"href":"https:\/\/www.europesays.com\/fr\/wp-json\/wp\/v2\/media?parent=106890"}],"wp:term":[{"taxonomy":"category","embeddable":true,"href":"https:\/\/www.europesays.com\/fr\/wp-json\/wp\/v2\/categories?post=106890"},{"taxonomy":"post_tag","embeddable":true,"href":"https:\/\/www.europesays.com\/fr\/wp-json\/wp\/v2\/tags?post=106890"}],"curies":[{"name":"wp","href":"https:\/\/api.w.org\/{rel}","templated":true}]}}