{"id":106892,"date":"2025-05-17T11:54:11","date_gmt":"2025-05-17T11:54:11","guid":{"rendered":"https:\/\/www.europesays.com\/fr\/106892\/"},"modified":"2025-05-17T11:54:11","modified_gmt":"2025-05-17T11:54:11","slug":"coupes-mediterranee-le-sc-toulon-et-malpasse-premiers-vainqueurs-du-week-end-roussetain","status":"publish","type":"post","link":"https:\/\/www.europesays.com\/fr\/106892\/","title":{"rendered":"coupes M\u00e9diterran\u00e9e : le SC Toulon et Malpass\u00e9 premiers vainqueurs du week-end roussetain"},"content":{"rendered":"<p><a href=\"https:\/\/www.laprovence.com\/article\/sports\/58320931693075\/football-coupes-mediterranee-neuf-trophees-regionaux-en-jeu-ce-week-end-a-rousset\" target=\"_blank\" rel=\"noopener\">Neuf finales sont programm\u00e9es aujourd&rsquo;hui et demain \u00e0 Rousset<\/a>. Les U16 et les U15 ont ouvert le bal ce samedi matin sur les deux terrains roussetains.<\/p>\n<p>En U16, le Sporting Toulon a \u00e9cras\u00e9 Gardanne-Biver, pourtant promu l&rsquo;an prochain en U17 National (7-1). Les Gardanno-Biv\u00e9rois ont \u00e9t\u00e9 transparents et coulaient d\u00e9j\u00e0 \u00e0 la mi-temps (4-0).\u00a0<\/p>\n<p>En U15, le suspense a au moins \u00e9t\u00e9 au rendez-vous. Sur le terrain, avec une demi-heure de d\u00e9calage, le FCL Malpass\u00e9 a renvers\u00e9 Ved\u00e8ne-Le Pontet (3-2). Les Marseillais sont revenus deux fois au score, \u00e0 0-1 puis 1-2, avant de planter la banderille finale au bout des arr\u00eats de jeu.<\/p>\n<p>Montredon-Bonneveine pour un doubl\u00e9<\/p>\n<p>Cet apr\u00e8s-midi, les U15 f\u00e9minines sont \u00e0 l&rsquo;honneur avec une finale 100% azur\u00e9enne entre l&rsquo;OGC Nice et l&rsquo;AS Monaco (15h). Les spectateurs devront choisir avec l&rsquo;autre affiche, Montredon-Bonneveine &#8211; AC Arles, en U20 (15h30).<\/p>\n<p>Enfin, la journ\u00e9e se conclura par la finale s\u00e9niors masculine entre Montredon-Bonneveine et l&rsquo;AS Monaco.<\/p>\n","protected":false},"excerpt":{"rendered":"Neuf finales sont programm\u00e9es aujourd&rsquo;hui et demain \u00e0 Rousset. Les U16 et les U15 ont ouvert le bal&hellip;\n","protected":false},"author":2,"featured_media":106893,"comment_status":"","ping_status":"","sticky":false,"template":"","format":"standard","meta":{"footnotes":""},"categories":[9619],"tags":[17,1111,11,22407,1777,674,63,1011,27,22408,1252,12,22409,882,25,60,2310,12071],"class_list":{"0":"post-106892","1":"post","2":"type-post","3":"status-publish","4":"format-standard","5":"has-post-thumbnail","7":"category-toulon","8":"tag-17","9":"tag-actu","10":"tag-actualites","11":"tag-coupes","12":"tag-eu","13":"tag-europe","14":"tag-football","15":"tag-fr","16":"tag-france","17":"tag-malpasse","18":"tag-mediterranee","19":"tag-news","20":"tag-premiers","21":"tag-provence-alpes-cote-dazur","22":"tag-republique-francaise","23":"tag-sports","24":"tag-toulon","25":"tag-vainqueurs"},"share_on_mastodon":{"url":"https:\/\/pubeurope.com\/@fr\/114523043439621341","error":""},"_links":{"self":[{"href":"https:\/\/www.europesays.com\/fr\/wp-json\/wp\/v2\/posts\/106892","targetHints":{"allow":["GET"]}}],"collection":[{"href":"https:\/\/www.europesays.com\/fr\/wp-json\/wp\/v2\/posts"}],"about":[{"href":"https:\/\/www.europesays.com\/fr\/wp-json\/wp\/v2\/types\/post"}],"author":[{"embeddable":true,"href":"https:\/\/www.europesays.com\/fr\/wp-json\/wp\/v2\/users\/2"}],"replies":[{"embeddable":true,"href":"https:\/\/www.europesays.com\/fr\/wp-json\/wp\/v2\/comments?post=106892"}],"version-history":[{"count":0,"href":"https:\/\/www.europesays.com\/fr\/wp-json\/wp\/v2\/posts\/106892\/revisions"}],"wp:featuredmedia":[{"embeddable":true,"href":"https:\/\/www.europesays.com\/fr\/wp-json\/wp\/v2\/media\/106893"}],"wp:attachment":[{"href":"https:\/\/www.europesays.com\/fr\/wp-json\/wp\/v2\/media?parent=106892"}],"wp:term":[{"taxonomy":"category","embeddable":true,"href":"https:\/\/www.europesays.com\/fr\/wp-json\/wp\/v2\/categories?post=106892"},{"taxonomy":"post_tag","embeddable":true,"href":"https:\/\/www.europesays.com\/fr\/wp-json\/wp\/v2\/tags?post=106892"}],"curies":[{"name":"wp","href":"https:\/\/api.w.org\/{rel}","templated":true}]}}