{"id":106898,"date":"2025-05-17T11:57:19","date_gmt":"2025-05-17T11:57:19","guid":{"rendered":"https:\/\/www.europesays.com\/fr\/106898\/"},"modified":"2025-05-17T11:57:19","modified_gmt":"2025-05-17T11:57:19","slug":"en-prison-apres-avoir-percute-un-vehicule-de-police","status":"publish","type":"post","link":"https:\/\/www.europesays.com\/fr\/106898\/","title":{"rendered":"en prison apr\u00e8s avoir percut\u00e9 un v\u00e9hicule de police"},"content":{"rendered":"\n<p style=\"text-align: left;\" align=\"justify\">En d\u00e9tention provisoire depuis le mois d&rsquo;avril, c&rsquo;est un gar\u00e7on d&rsquo;une vingtaine d\u2019ann\u00e9es qui a comparu ce vendredi 16 mai devant le tribunal de Rouen. <strong>D\u00e9j\u00e0 connu des forces de l&rsquo;ordre, le pr\u00e9venu \u00e9tait poursuivi pour avoir refus\u00e9 de se soustraire \u00e0 un contr\u00f4le<\/strong>, le 8 mars dernier, alors qu&rsquo;il circulait sans permis dans les rues de Saint-Etienne-du-Rouvray.<\/p>\n<p><strong>Un pr\u00e9venu peu bavard<\/strong><\/p>\n<p style=\"text-align: left;\" align=\"justify\">Au volant d&rsquo;un v\u00e9hicule Citro\u00ebn C3 de couleur noire, ce que les images de vid\u00e9o surveillance de la ville ont confirm\u00e9, il aurait pris la fuite avant d&rsquo;\u00eatre finalement localis\u00e9.<strong> C&rsquo;est \u00e0 ce moment-l\u00e0 qu&rsquo;il aurait effectu\u00e9 une marche arri\u00e8re et percut\u00e9 le v\u00e9hicule de police, engendrant ainsi quelques d\u00e9g\u00e2ts mat\u00e9riels<\/strong>.<strong> <\/strong>Les yeux rougis lors de l&rsquo;audience, l&rsquo;individu peu loquace a reconnu sa pr\u00e9sence au volant au moment des faits, et exprim\u00e9 du bout des l\u00e8vres ses \u00ab\u00a0regrets\u00a0\u00bb.<\/p>\n<p><strong>Mise en danger de la vie de policiers<\/strong><\/p>\n<p style=\"text-align: left;\" align=\"justify\">Et si l&rsquo;avocat de la d\u00e9fense a demand\u00e9 un sursis probatoire pour son client, le repr\u00e9sentant du parquet a quant \u00e0 lui requis une peine d&#8217;emprisonnement ferme de dix mois. <strong>C&rsquo;est finalement \u00e0 six mois de prison ferme que le pr\u00e9venu a \u00e9t\u00e9 condamn\u00e9, sans am\u00e9nagement de peine<\/strong>.<strong> <\/strong>Le caract\u00e8re aggravant de la mise en danger de policiers a \u00e9t\u00e9 retenu par les juges.<\/p>\n","protected":false},"excerpt":{"rendered":"En d\u00e9tention provisoire depuis le mois d&rsquo;avril, c&rsquo;est un gar\u00e7on d&rsquo;une vingtaine d\u2019ann\u00e9es qui a comparu ce vendredi&hellip;\n","protected":false},"author":2,"featured_media":106899,"comment_status":"","ping_status":"","sticky":false,"template":"","format":"standard","meta":{"footnotes":""},"categories":[9587],"tags":[1111,11,1777,674,1011,27,303,22413,12,5161,22410,22414,2852,25,9590,22412,5163,13682,22411],"class_list":{"0":"post-106898","1":"post","2":"type-post","3":"status-publish","4":"format-standard","5":"has-post-thumbnail","7":"category-rouen","8":"tag-actu","9":"tag-actualites","10":"tag-eu","11":"tag-europe","12":"tag-fr","13":"tag-france","14":"tag-justice","15":"tag-mise-en-danger-vie-dautrui","16":"tag-news","17":"tag-normandie","18":"tag-proces-rouen","19":"tag-proces-tribunal-rouen","20":"tag-refus-dobtemperer","21":"tag-republique-francaise","22":"tag-rouen","23":"tag-saint-etienne-du-rouvray","24":"tag-seine-maritime","25":"tag-tribunal-de-rouen","26":"tag-vehicule-de-police-percute"},"share_on_mastodon":{"url":"https:\/\/pubeurope.com\/@fr\/114523055280535641","error":""},"_links":{"self":[{"href":"https:\/\/www.europesays.com\/fr\/wp-json\/wp\/v2\/posts\/106898","targetHints":{"allow":["GET"]}}],"collection":[{"href":"https:\/\/www.europesays.com\/fr\/wp-json\/wp\/v2\/posts"}],"about":[{"href":"https:\/\/www.europesays.com\/fr\/wp-json\/wp\/v2\/types\/post"}],"author":[{"embeddable":true,"href":"https:\/\/www.europesays.com\/fr\/wp-json\/wp\/v2\/users\/2"}],"replies":[{"embeddable":true,"href":"https:\/\/www.europesays.com\/fr\/wp-json\/wp\/v2\/comments?post=106898"}],"version-history":[{"count":0,"href":"https:\/\/www.europesays.com\/fr\/wp-json\/wp\/v2\/posts\/106898\/revisions"}],"wp:featuredmedia":[{"embeddable":true,"href":"https:\/\/www.europesays.com\/fr\/wp-json\/wp\/v2\/media\/106899"}],"wp:attachment":[{"href":"https:\/\/www.europesays.com\/fr\/wp-json\/wp\/v2\/media?parent=106898"}],"wp:term":[{"taxonomy":"category","embeddable":true,"href":"https:\/\/www.europesays.com\/fr\/wp-json\/wp\/v2\/categories?post=106898"},{"taxonomy":"post_tag","embeddable":true,"href":"https:\/\/www.europesays.com\/fr\/wp-json\/wp\/v2\/tags?post=106898"}],"curies":[{"name":"wp","href":"https:\/\/api.w.org\/{rel}","templated":true}]}}