{"id":1069035,"date":"2026-07-16T20:19:26","date_gmt":"2026-07-16T20:19:26","guid":{"rendered":"https:\/\/www.europesays.com\/fr\/1069035\/"},"modified":"2026-07-16T20:19:26","modified_gmt":"2026-07-16T20:19:26","slug":"toute-lactu-top-music-un-nice-strasbourg-catastrophique","status":"publish","type":"post","link":"https:\/\/www.europesays.com\/fr\/1069035\/","title":{"rendered":"Toute l&rsquo;actu Top Music &#8211; Un Nice-Strasbourg catastrophique"},"content":{"rendered":"<p><img decoding=\"async\" class=\"\" style=\"width:100%\" src=\"https:\/\/www.europesays.com\/fr\/wp-content\/uploads\/2026\/07\/Volotea1784212428066.jpg\" alt=\"Volotea\"\/><\/p>\n<p>L&rsquo;avion de Volotea sur le tarmac de Lyon St-Exup\u00e9ry<\/p>\n<p>Cr\u00e9dit : @Top Music &#8211; SR<\/p>\n<p>C&rsquo;est l&rsquo;histoire d&rsquo;une soir\u00e9e &#8211; d&rsquo;une nuit m\u00eame &#8211; o\u00f9 rien n&rsquo;a \u00e9t\u00e9 simple. Il y a d&rsquo;abord ce vol, qui devait d\u00e9coller \u00e0 22h25. Dans la journ\u00e9e, <strong>les orages \u00e0 diff\u00e9rents endroits de la France et de l&rsquo;Europe, provoquent une accumulation de petits retards <\/strong>aussi bien chez Volotea que chez EasyJet. Tr\u00e8s rapidement, pour les passagers, il est acquis qu&rsquo;il y aura du retard. Certains re\u00e7oivent un mail, d&rsquo;autres ont des notifications sur leur \u00ab\u00a0wallet\u00a0\u00bb, <strong>personne n&rsquo;a r\u00e9ellement le m\u00eame horaire<\/strong>. Mais l&rsquo;attente se fait de bonne gr\u00e2ce, avec un \u00e9cran qui permet de suivre Argentine-Angleterre notamment. Vers 23h, \u00e7a se complique, le duty free ferme ses portes. Les plus pr\u00e9voyants avaient vite achet\u00e9 une bouteille d&rsquo;eau et un paquet de g\u00e2teaux au cas o\u00f9.\u00a0<\/p>\n<p><strong>Direction&#8230; Lyon !<\/strong><\/p>\n<p>Annonc\u00e9 \u00e0 2h du matin, le vol V72519 commence finalement l&#8217;embarquement autour de 0h50. <strong>Quand tous les passagers sont enregistr\u00e9s, la compagnie annonce que l&rsquo;avion n&rsquo;ira pas \u00e0 Strasbourg, mais \u00e0 Lyon<\/strong>. Les esprits s&rsquo;\u00e9chauffent. \u00ab\u00a0Que voulez-vous que je fasse \u00e0 Lyon ?!\u00a0\u00bb, s&#8217;emporte un couple de personnes \u00e2g\u00e9es. Une adolescente, qui voyage seule, fond en larmes : \u00ab\u00a0Mais je vais faire quoi toute seule \u00e0 Lyon ?\u00a0\u00bb Les agents au sol disent ne pas avoir d&rsquo;informations, \u00e0 une nuance de taille : <strong>ceux qui refusent d&rsquo;aller \u00e0 Lyon n&rsquo;auront aucune prise en charge (h\u00f4tel, nouveau vol&#8230;).<\/strong> De guerre lasse, une majorit\u00e9 de passagers se r\u00e9sout \u00e0 monter dans l&rsquo;avion. Une trentaine repartent.\u00a0<\/p>\n<p>Dans l&rsquo;avion, le personnel commence par s&rsquo;excuser, et dit subir la m\u00eame situation, \u00e9tant lui-m\u00eame bas\u00e9 \u00e0 Strasbourg. Il faut recompter les passagers, et pointer qui est dans l&rsquo;avion, et qui ne l&rsquo;est pas. Quelques verres d&rsquo;eau sont distribu\u00e9s. Pour l&rsquo;heure, c&rsquo;est plut\u00f4t la r\u00e9signation. Un superviseur nous assure : \u00ab\u00a0Cet avion va \u00e0 Lyon, et vous reprendrez cet avion demain matin parce que de toute fa\u00e7on il doit rallier Strasbourg.\u00a0\u00bb Vu comme \u00e7a, pourquoi pas. <strong>Mais ce n&rsquo;est \u00e9videmment pas ce qui va se passer.<\/strong>\u00a0<\/p>\n<p><strong>\u00ab\u00a0On va tout bloquer !\u00a0\u00bb<\/strong><\/p>\n<p>En cours de vol, le capitaine explique que Volot\u00e9a tente de trouver des solutions, \u00ab\u00a0par bus ou par avion\u00a0\u00bb. Des regards s&rsquo;\u00e9changent.<strong> A l&rsquo;arriv\u00e9e, aucun accueil.<\/strong> Aucun personnel de Volot\u00e9a. La petite horde se pr\u00e9sente \u00e0 l&#8217;embarquement de la compagnie: \u00ab\u00a0On va tout bloquer !\u00a0\u00bb <strong>Les h\u00f4tesses renvoient vers un autre bureau, o\u00f9 il n&rsquo;y a personne.<\/strong> Finalement, apr\u00e8s de tr\u00e8s longues minutes \u00e0 arpenter l&rsquo;a\u00e9roport de Lyon St-Exup\u00e9ry, \u00ab\u00a0deux femmes sont sorties d&rsquo;on ne sait o\u00f9\u00a0\u00bb, raconte cette passag\u00e8re. \u00ab\u00a0<strong>Apparemment, il y a un bus qui part \u00e0 5h30<\/strong>.\u00a0\u00bb<\/p>\n<p>Le temps de faire un petit tour, le bus, d\u00e9j\u00e0 gar\u00e9 sur le parking de la gare routi\u00e8re, est pris d&rsquo;assaut. <strong>Les voix montent. La fatigue se fait sentir.<\/strong> Le chauffeur, pas particuli\u00e8rement affable, monte le ton : \u00ab\u00a0<strong>Je vous pr\u00e9viens, les toilettes sont condamn\u00e9es, et je fais pas de pause !<\/strong>\u00a0\u00bb Avec la seule envie de rallier Strasbourg, ils s&rsquo;entassent, prennent leurs valises sur les genoux. Les conditions, pour les personnes les plus \u00e2g\u00e9es, sont difficiles. Encore une fois, l&rsquo;information ne parvient pas de mani\u00e8re uniforme aux passagers. Celui qui se serait \u00e9loign\u00e9 pour fumer ou pour aller aux toilettes aurait par ailleurs loup\u00e9 le d\u00e9part du bus, qui s&rsquo;\u00e9lance d\u00e8s 4h45 ! Un deuxi\u00e8me bus arrivera apr\u00e8s 6h.\u00a0<\/p>\n<p><strong>Choix dissident<\/strong><\/p>\n<p>Sur les coups de 5h30, une dame sortie de nulle part avec son charriot nous lance : \u00ab\u00a0Nice ? J&rsquo;ai de l&rsquo;eau pour vous.\u00a0\u00bb On l&rsquo;imagine ensuite arpenter l&rsquo;immense hall de l&rsquo;a\u00e9roport \u00e0 la recherche des passagers Volot\u00e9a. <strong>On notera que ceux qui sont mont\u00e9s dans le bus n&rsquo;ont rien eu.<\/strong> Alors qu&rsquo;\u00e0 l&rsquo;a\u00e9roport de Nice, le m\u00eame superviseur avait annonc\u00e9 que Volot\u00e9a distribuerait des bons pour pouvoir se restaurer face \u00e0 cette attente particuli\u00e8rement longue.\u00a0<\/p>\n<p>D&rsquo;autres, face \u00e0 la sc\u00e8ne du bus, vont faire un autre choix : prendre la direction de la gare de Lyon Part-Dieu pour attraper un TGV \u00e0 8h32, avec arriv\u00e9e \u00e0 Strasbourg \u00e0 12h24. Ce sera mon choix aussi. En attendant, Estelle et Ad\u00e8le pr\u00e9f\u00e8rent presque en rire : \u00ab\u00a0<strong>On s&rsquo;est rencontr\u00e9es sur le vol aller, on s&rsquo;est tap\u00e9 4h de retard. Et l\u00e0 rebelote ! Vu qu&rsquo;on a le temps, on commence d\u00e9j\u00e0 la demande de d\u00e9dommagement du vol aller.<\/strong>\u00a0\u00bb Un partage de Uber, un caf\u00e9 \u00e0 la Part-Dieu, la SNCF &#8211; sans le savoir &#8211; prend le relais pour environ une vingtaine de ces naufrag\u00e9s, livr\u00e9s \u00e0 eux-m\u00eames. Le train arrivera (presque) \u00e0 l&rsquo;heure, et chacun aura eu le temps de pr\u00e9venir un proche ou un TER pour finir son trajet, <strong>avec donc quelque 12h de retard<\/strong>. Mon ticket de parking se voit lester de 25\u20ac suppl\u00e9mentaires.<\/p>\n<p><strong>\u00ab\u00a0Un a\u00e9roport qui d\u00e9missionne\u00a0\u00bb<\/strong><\/p>\n<p>Si l&rsquo;avion n&rsquo;a pas pu aller \u00e0 Entzheim, c&rsquo;est parce que <strong>l&rsquo;a\u00e9roport strasbourgeois ferme tout simplement entre minuit et 5h du matin<\/strong>, ce qui fait enrager Nicolas, qui a cherch\u00e9 par tous les moyens \u00e0 rentrer au plus vite avec sa fille de 11 ans, Anna (qui devait voir Soprano aux<a href=\"https:\/\/www.topmusic.fr\/soprano-bruel-matmatah-aux-alpagas-bleus-a-saverne\" rel=\"noopener nofollow\" target=\"_blank\"> Alpagas Bleus<\/a> ce jeudi soir) : \u00ab\u00a0C&rsquo;est un vrai sujet ! <strong>On parle d&rsquo;une capitale europ\u00e9enne<\/strong>, avec cette gueguerre avec Bruxelles qui r\u00e9cup\u00e8re l&rsquo;ensemble des moyens. <strong>Et on a un a\u00e9roport en cas de crise qui d\u00e9missionne<\/strong>. Voil\u00e0, on rentre chez soi ! On le savait depuis le d\u00e9but, et on nous a entretenus dans le doute.\u00a0\u00bb Et quand on a pos\u00e9 la question au personnel de bord, s&rsquo;il n&rsquo;aurait pas mieux valu attendre deux heures de plus \u00e0 Nice pour atterrir \u00e0 5h pass\u00e9es \u00e0 Strasbourg, il nous a expliqu\u00e9 qu&rsquo;il \u00e9tait d\u00e9j\u00e0 dans une amplitude horaire de 15h.\u00a0<\/p>\n<p>Globalement, si les passagers peuvent se montrer compr\u00e9hensif sur un incident m\u00e9canique, ils l&rsquo;ont beaucoup moins \u00e9t\u00e9 sur ce qu&rsquo;ils consid\u00e8rent <strong>comme des probl\u00e8mes d&rsquo;organisation, de gestion des flux, et un manque terrible de prise en charge et de communication<\/strong>.\u00a0<\/p>\n","protected":false},"excerpt":{"rendered":"L&rsquo;avion de Volotea sur le tarmac de Lyon St-Exup\u00e9ry Cr\u00e9dit : @Top Music &#8211; SR C&rsquo;est l&rsquo;histoire d&rsquo;une&hellip;\n","protected":false},"author":2,"featured_media":1069036,"comment_status":"","ping_status":"","sticky":false,"template":"","format":"standard","meta":{"footnotes":"","_share_on_mastodon":"0"},"categories":[2819],"tags":[1111,11,663,31373,536,24064,1777,674,1011,27,2428,12,2401,15344,882,25,8948,640,926,1175,11756],"class_list":["post-1069035","post","type-post","status-publish","format-standard","has-post-thumbnail","category-nice","tag-actu","tag-actualites","tag-aeroport","tag-annulation","tag-communication","tag-entzheim","tag-eu","tag-europe","tag-fr","tag-france","tag-lyon","tag-news","tag-nice","tag-prise-en-charge","tag-provence-alpes-cote-dazur","tag-republique-francaise","tag-retard","tag-strasbourg","tag-train","tag-vol","tag-volotea"],"share_on_mastodon":{"url":"https:\/\/pubeurope.com\/@fr\/116931512918434709","error":""},"_links":{"self":[{"href":"https:\/\/www.europesays.com\/fr\/wp-json\/wp\/v2\/posts\/1069035","targetHints":{"allow":["GET"]}}],"collection":[{"href":"https:\/\/www.europesays.com\/fr\/wp-json\/wp\/v2\/posts"}],"about":[{"href":"https:\/\/www.europesays.com\/fr\/wp-json\/wp\/v2\/types\/post"}],"author":[{"embeddable":true,"href":"https:\/\/www.europesays.com\/fr\/wp-json\/wp\/v2\/users\/2"}],"replies":[{"embeddable":true,"href":"https:\/\/www.europesays.com\/fr\/wp-json\/wp\/v2\/comments?post=1069035"}],"version-history":[{"count":0,"href":"https:\/\/www.europesays.com\/fr\/wp-json\/wp\/v2\/posts\/1069035\/revisions"}],"wp:featuredmedia":[{"embeddable":true,"href":"https:\/\/www.europesays.com\/fr\/wp-json\/wp\/v2\/media\/1069036"}],"wp:attachment":[{"href":"https:\/\/www.europesays.com\/fr\/wp-json\/wp\/v2\/media?parent=1069035"}],"wp:term":[{"taxonomy":"category","embeddable":true,"href":"https:\/\/www.europesays.com\/fr\/wp-json\/wp\/v2\/categories?post=1069035"},{"taxonomy":"post_tag","embeddable":true,"href":"https:\/\/www.europesays.com\/fr\/wp-json\/wp\/v2\/tags?post=1069035"}],"curies":[{"name":"wp","href":"https:\/\/api.w.org\/{rel}","templated":true}]}}