{"id":1069404,"date":"2026-07-17T00:13:16","date_gmt":"2026-07-17T00:13:16","guid":{"rendered":"https:\/\/www.europesays.com\/fr\/1069404\/"},"modified":"2026-07-17T00:13:16","modified_gmt":"2026-07-17T00:13:16","slug":"affaire-du-chalet-de-renaud-muselier-des-accusations-mensongeres-et-dans-le-seul-but-de-me-nuire","status":"publish","type":"post","link":"https:\/\/www.europesays.com\/fr\/1069404\/","title":{"rendered":"Affaire du chalet\u00a0\u00bb de Renaud Muselier\u00a0: \u00ab\u00a0Des accusations mensong\u00e8res et dans le seul but de me nuire"},"content":{"rendered":"<p>En marge d\u2019une conf\u00e9rence de presse <a href=\"https:\/\/www.laprovence.com\/article\/politique\/25901081198864\/dans-les-bouches-du-rhone-muselier-laisse-devesa-conduire-sa-liste-aux-senatoriales\" target=\"_self\" rel=\"nofollow noopener\">sur les s\u00e9natoriales<\/a>, jeudi 16\u00a0juillet \u00e0 Auriol, Renaud Muselier (Renaissance) a contest\u00e9 toute \u00ab\u00a0prise ill\u00e9gale d\u2019int\u00e9r\u00eats\u00a0\u00bb dans l\u2019affaire du \u00ab\u00a0chalet\u00a0\u00bb. Le parquet de Marseille avait confirm\u00e9 la veille l\u2019ouverture d\u2019une enqu\u00eate pr\u00e9liminaire \u00e0 la suite d\u2019un signalement anonyme selon lequel \u00ab\u00a0l\u2019homme \u00e0 tout faire\u00a0\u00bb de la r\u00e9sidence secondaire du pr\u00e9sident de la R\u00e9gion serait salari\u00e9 par une soci\u00e9t\u00e9 attributaire de march\u00e9s publics de cette collectivit\u00e9.<\/p>\n<p>Les faits avaient \u00e9t\u00e9 r\u00e9v\u00e9l\u00e9s <a href=\"https:\/\/www.nicematin.com\/societe\/justice\/le-president-de-la-region-renaud-muselier-a-t-il-un-employe-de-maison-paye-par-le-conseil-regional-sud-paca-une-enquete-ouverte-pour-prise-illegale-d-interet-10689484\" target=\"_self\" rel=\"nofollow noopener\">d\u00e9but juillet par Nice-Matin<\/a>. Selon le quotidien azur\u00e9en, cet ancien skieur professionnel aurait \u00e9t\u00e9 recrut\u00e9 en octobre\u00a02024 par une agence de communication, \u00ab\u00a0attributaire r\u00e9gulier de march\u00e9s pour la r\u00e9gion\u00a0\u00bb Provence-Alpes-C\u00f4te d&rsquo;Azur. Mais il assurerait en fait gardiennage et entretien du chalet de Renaud Muselier dans la <a href=\"https:\/\/www.laprovence.com\/article\/region\/2820160988229714\/le-coup-d-envoi-de-la-saison-d-hiver-dans-les-alpes-de-haute-provence-lance-au-sauze\" target=\"_self\" rel=\"nofollow noopener\">station du Sauze<\/a>, sur la commune d\u2019Enchastrayes (Alpes-de-Haute-Provence), o\u00f9 il aurait par ailleurs domicili\u00e9 deux soci\u00e9t\u00e9s.<\/p>\n<p>Devant la presse, ce jeudi, Renaud Muselier a d\u2019abord indiqu\u00e9 avoir \u00ab\u00a0mandat\u00e9 (s) on avocat\u00a0\u00bb en vue de porter plainte avec constitution de partie civile pour \u00ab\u00a0diffamation\u00a0\u00bb et \u00ab\u00a0d\u00e9nonciation calomnieuse\u00a0\u00bb. \u00ab\u00a0Ces affirmations sont fausses&#8230;<\/p>\n","protected":false},"excerpt":{"rendered":"En marge d\u2019une conf\u00e9rence de presse sur les s\u00e9natoriales, jeudi 16\u00a0juillet \u00e0 Auriol, Renaud Muselier (Renaissance) a contest\u00e9&hellip;\n","protected":false},"author":2,"featured_media":1069405,"comment_status":"","ping_status":"","sticky":false,"template":"","format":"standard","meta":{"footnotes":"","_share_on_mastodon":"0"},"categories":[2814],"tags":[5734,11109,1111,11,13060,23909,154,1777,674,1011,27,884,110702,22548,12,316,882,1628,25],"class_list":["post-1069404","post","type-post","status-publish","format-standard","has-post-thumbnail","category-marseille","tag-5734","tag-accusations","tag-actu","tag-actualites","tag-affaire","tag-chalet","tag-des","tag-eu","tag-europe","tag-fr","tag-france","tag-marseille","tag-mensongeres","tag-muselier","tag-news","tag-politique","tag-provence-alpes-cote-dazur","tag-renaud","tag-republique-francaise"],"share_on_mastodon":{"url":"https:\/\/pubeurope.com\/@fr\/116932431166529580","error":""},"_links":{"self":[{"href":"https:\/\/www.europesays.com\/fr\/wp-json\/wp\/v2\/posts\/1069404","targetHints":{"allow":["GET"]}}],"collection":[{"href":"https:\/\/www.europesays.com\/fr\/wp-json\/wp\/v2\/posts"}],"about":[{"href":"https:\/\/www.europesays.com\/fr\/wp-json\/wp\/v2\/types\/post"}],"author":[{"embeddable":true,"href":"https:\/\/www.europesays.com\/fr\/wp-json\/wp\/v2\/users\/2"}],"replies":[{"embeddable":true,"href":"https:\/\/www.europesays.com\/fr\/wp-json\/wp\/v2\/comments?post=1069404"}],"version-history":[{"count":0,"href":"https:\/\/www.europesays.com\/fr\/wp-json\/wp\/v2\/posts\/1069404\/revisions"}],"wp:featuredmedia":[{"embeddable":true,"href":"https:\/\/www.europesays.com\/fr\/wp-json\/wp\/v2\/media\/1069405"}],"wp:attachment":[{"href":"https:\/\/www.europesays.com\/fr\/wp-json\/wp\/v2\/media?parent=1069404"}],"wp:term":[{"taxonomy":"category","embeddable":true,"href":"https:\/\/www.europesays.com\/fr\/wp-json\/wp\/v2\/categories?post=1069404"},{"taxonomy":"post_tag","embeddable":true,"href":"https:\/\/www.europesays.com\/fr\/wp-json\/wp\/v2\/tags?post=1069404"}],"curies":[{"name":"wp","href":"https:\/\/api.w.org\/{rel}","templated":true}]}}