{"id":10695,"date":"2025-04-08T16:56:10","date_gmt":"2025-04-08T16:56:10","guid":{"rendered":"https:\/\/www.europesays.com\/fr\/10695\/"},"modified":"2025-04-08T16:56:10","modified_gmt":"2025-04-08T16:56:10","slug":"pres-de-toulouse-la-foret-magique-rouvre-ses-portes-pour-des-vacances-de-paques-feeriques","status":"publish","type":"post","link":"https:\/\/www.europesays.com\/fr\/10695\/","title":{"rendered":"Pr\u00e8s de Toulouse. La For\u00eat Magique rouvre ses portes pour des vacances de P\u00e2ques f\u00e9\u00e9riques"},"content":{"rendered":"<p>            Par<br \/>\n        <strong><br \/>\n            <a href=\"https:\/\/actu.fr\/auteur\/romain-piccolo\" title=\"Consulter tous les articles de Romain Piccolo\" rel=\"nofollow noopener\" target=\"_blank\">Romain Piccolo<\/a><br \/>\n        <\/strong><\/p>\n<p>        Publi\u00e9 le<\/p>\n<p>            7 avr. 2025 \u00e0 20h24        <\/p>\n<p>Laissez-vous entra\u00eener dans un lieu de magie. Apr\u00e8s une premi\u00e8re ann\u00e9e couronn\u00e9e de succ\u00e8s,<strong> La For\u00eat Magique<\/strong> du Domaine de Ponti\u00e9 \u00e0 Cornebarrieu (Haute-Garonne) est de retour pour une nouvelle saison pleine de myst\u00e8res et d\u2019aventures. D\u00e8s les vacances de P\u00e2ques,<strong> samedi 12 avril 2025<\/strong>, petits et grands sont invit\u00e9s \u00e0 parcourir cette for\u00eat centenaire, \u00e0 seulement 15 minutes de <a href=\"https:\/\/actu.fr\/toulouse\/\" rel=\"nofollow noopener\" target=\"_blank\">Toulouse<\/a>. R\u00e9solvez des \u00e9nigmes et plongez dans un univers envo\u00fbtant.<\/p>\n<p>Une aventure immersive pour toute la famille<\/p>\n<p class=\" wall-content\">Con\u00e7u comme <strong>un grand jeu de piste interactif<\/strong>, <a href=\"https:\/\/laforetmagiquedetoulouse.com\/\" rel=\"nofollow noopener\" target=\"_blank\">La For\u00eat Magique<\/a> propose aux visiteurs de vivre une exp\u00e9rience unique au c\u0153ur de la nature. Guid\u00e9s par des indices sonores et olfactifs, les participants \u00e9volueront dans<strong> un monde enchant\u00e9<\/strong> o\u00f9 chaque recoin de la for\u00eat cache un secret.\u00a0<\/p>\n<p>      <img   decoding=\"async\" loading=\"lazy\" src=\"https:\/\/www.europesays.com\/fr\/wp-content\/uploads\/2025\/04\/jeu-des-dragons2-960x640.jpg\" alt=\"La For\u00eat Magique propose cette ann\u00e9e quatre sc\u00e9narios adapt\u00e9s pour tous les \u00e2ges.\" width=\"960\" height=\"640\"\/><br \/>\n    La For\u00eat Magique propose cette ann\u00e9e quatre sc\u00e9narios adapt\u00e9s pour tous les \u00e2ges. (\u00a9La For\u00eat Magique)Quatre qu\u00eates adapt\u00e9es \u00e0 tous les \u00e2ges sont au programme :\u00a0<\/p>\n<p class=\" wall-content\"><strong>Les cl\u00e9s de Sorcelia<\/strong> (7 \u00e0 133 ans) : retrouver les neuf cl\u00e9s magiques disparues et devenez le nouveau Gardien de la For\u00eat.\u00a0\u00a0<\/p>\n<p class=\" wall-content\"><strong>Le Dragon de Sorcelia<\/strong> (4-6 ans) aidez \u00e0 retrouver Nestor, un jeune dragon disparu le jour de son anniversaire.\u00a0<\/p>\n<p>Vid\u00e9os : en ce moment sur Actu<\/p>\n<p class=\" wall-content\"><strong>Le secret des trolls<\/strong> (-4 ans) : r\u00e9ussissez les ingr\u00e9dients de la potion Riquiqui avant que les trolls ne deviennent g\u00e9ants !<\/p>\n<p class=\" wall-content\"><strong>La qu\u00eate de l\u2019\u0153uf d\u2019or<\/strong> (tout public) : une chasse au tr\u00e9sor quotidienne avec une r\u00e9compense chocolat\u00e9e pendant les vacances de P\u00e2ques<\/p>\n<p>Une nouveaut\u00e9 en nocturne : Anima, l\u2019Appel de la For\u00eat<\/p>\n<p class=\" wall-content\">Cet \u00e9t\u00e9, La For\u00eat Magique propose<strong> une exp\u00e9rience in\u00e9dite<\/strong> en nocturne avec Anima, l\u2019Appel de la for\u00eat. Dans une ambiance illumin\u00e9e et sonoris\u00e9e, les aventuriers seront guid\u00e9s par des \u00e9nigmes pour percer les secrets d\u2019un myst\u00e9rieux message venu du fond des \u00e2ges. <strong>Un voyage sensoriel envo\u00fbtant<\/strong> \u00e0 vivre chaque mercredi et samedi soir en juillet et ao\u00fbt.<\/p>\n<p>Informations ouverture :<\/p>\n<p>Ouverture vacances de P\u00e2ques (samedi 12 au dimanche 27 avril 2025) de 13h \u00e0 16h 30<br \/>Ponts et jours f\u00e9ri\u00e9s de mai et juin\u00a0<br \/>Juillet et ao\u00fbt : tous les jours de 10h \u00e0 18h<br \/>Nocturnes (juillet et ao\u00fbt) mercredis et samedis \u00e0 partir de 21h<\/p>\n<p>    <a href=\"https:\/\/maps.google.com\/maps?width=100%25&amp;height=600&amp;hl=en&amp;q=51%20Rte%20de%20Bouconne,%2031700%20Cornebarrieu+(La%20For%C3%AAt%20Magique)&amp;t=&amp;z=14&amp;ie=UTF8&amp;iwloc=B&amp;output=embed\" title=\"Ouvrie le lien\" rel=\"nofollow noopener\" target=\"_blank\">Cliquez ici pour visualiser le contenu<\/a><\/p>\n<p>Informations pratiques :<strong>Journ\u00e9e<\/strong> : 9\u20ac adultes, 8\u20ac enfants (-12 ans), gratuit -3 ans<br \/><strong>Nocturnes<\/strong> : 12\u20ac adultes, 11\u20ac enfants (-12 ans), gratuit -3 ans<br \/><strong>Adresse<\/strong> : Domaine de Ponti\u00e9, 51 Route de Bouconne, 31700 Cornbarrieu<br \/><strong>R\u00e9servations et information<\/strong> : <a href=\"https:\/\/laforetmagiquedetoulouse.com\/\" rel=\"nofollow noopener\" target=\"_blank\">https:\/\/laforetmagiquedetoulouse.com\/<\/a><\/p>\n<p class=\" wall-content\">Suivez toute l\u2019actualit\u00e9 de vos villes et m\u00e9dias favoris en vous inscrivant \u00e0 <a href=\"https:\/\/moncompte.actu.fr\" title=\"D\u00e9couvez Mon Actu\" rel=\"nofollow noopener\" data-trk=\"{&quot;cta&quot;:{&quot;action&quot;:&quot;https:\\\/\\\/moncompte.actu.fr&quot;,&quot;category&quot;:&quot;mon compte&quot;,&quot;from&quot;:&quot;article footer&quot;,&quot;name&quot;:&quot;Mon actu&quot;,&quot;type&quot;:&quot;cta&quot;}}\" target=\"_blank\">Mon Actu<\/a>.<\/p>\n<ul class=\"ac-article-tag wall-content\">\n<li><a href=\"https:\/\/actu.fr\/tag\/foret\" data-trk=\"{&quot;cta&quot;:{&quot;action&quot;:&quot;For\\u00eat&quot;,&quot;category&quot;:&quot;tag&quot;,&quot;from&quot;:&quot;article footer&quot;,&quot;name&quot;:&quot;For\\u00eat&quot;,&quot;type&quot;:&quot;cta&quot;}}\" rel=\"nofollow noopener\" target=\"_blank\">#For\u00eat<\/a><\/li>\n<li><a href=\"https:\/\/actu.fr\/tag\/sortir-a-toulouse\" data-trk=\"{&quot;cta&quot;:{&quot;action&quot;:&quot;Sortir \\u00e0 Toulouse&quot;,&quot;category&quot;:&quot;tag&quot;,&quot;from&quot;:&quot;article footer&quot;,&quot;name&quot;:&quot;Sortir \\u00e0 Toulouse&quot;,&quot;type&quot;:&quot;cta&quot;}}\" rel=\"nofollow noopener\" target=\"_blank\">#Sortir \u00e0 Toulouse<\/a><\/li>\n<\/ul>\n","protected":false},"excerpt":{"rendered":"Par Romain Piccolo Publi\u00e9 le 7 avr. 2025 \u00e0 20h24 Laissez-vous entra\u00eener dans un lieu de magie. Apr\u00e8s&hellip;\n","protected":false},"author":2,"featured_media":10696,"comment_status":"","ping_status":"","sticky":false,"template":"","format":"standard","meta":{"footnotes":""},"categories":[2816],"tags":[1111,11,1777,674,3727,5183,1011,27,1652,12,2680,25,1341,2312],"class_list":{"0":"post-10695","1":"post","2":"type-post","3":"status-publish","4":"format-standard","5":"has-post-thumbnail","7":"category-toulouse","8":"tag-actu","9":"tag-actualites","10":"tag-eu","11":"tag-europe","12":"tag-evasion","13":"tag-foret","14":"tag-fr","15":"tag-france","16":"tag-loisirs-culture","17":"tag-news","18":"tag-occitanie","19":"tag-republique-francaise","20":"tag-sortir-a-toulouse","21":"tag-toulouse"},"share_on_mastodon":{"url":"https:\/\/pubeurope.com\/@fr\/114303400935013867","error":""},"_links":{"self":[{"href":"https:\/\/www.europesays.com\/fr\/wp-json\/wp\/v2\/posts\/10695","targetHints":{"allow":["GET"]}}],"collection":[{"href":"https:\/\/www.europesays.com\/fr\/wp-json\/wp\/v2\/posts"}],"about":[{"href":"https:\/\/www.europesays.com\/fr\/wp-json\/wp\/v2\/types\/post"}],"author":[{"embeddable":true,"href":"https:\/\/www.europesays.com\/fr\/wp-json\/wp\/v2\/users\/2"}],"replies":[{"embeddable":true,"href":"https:\/\/www.europesays.com\/fr\/wp-json\/wp\/v2\/comments?post=10695"}],"version-history":[{"count":0,"href":"https:\/\/www.europesays.com\/fr\/wp-json\/wp\/v2\/posts\/10695\/revisions"}],"wp:featuredmedia":[{"embeddable":true,"href":"https:\/\/www.europesays.com\/fr\/wp-json\/wp\/v2\/media\/10696"}],"wp:attachment":[{"href":"https:\/\/www.europesays.com\/fr\/wp-json\/wp\/v2\/media?parent=10695"}],"wp:term":[{"taxonomy":"category","embeddable":true,"href":"https:\/\/www.europesays.com\/fr\/wp-json\/wp\/v2\/categories?post=10695"},{"taxonomy":"post_tag","embeddable":true,"href":"https:\/\/www.europesays.com\/fr\/wp-json\/wp\/v2\/tags?post=10695"}],"curies":[{"name":"wp","href":"https:\/\/api.w.org\/{rel}","templated":true}]}}