{"id":10699,"date":"2025-04-08T16:58:20","date_gmt":"2025-04-08T16:58:20","guid":{"rendered":"https:\/\/www.europesays.com\/fr\/10699\/"},"modified":"2025-04-08T16:58:20","modified_gmt":"2025-04-08T16:58:20","slug":"lille-ils-ont-voulu-profiter-du-video-mapping-festival-pour-commettre-des-delits-la-police-les-observait","status":"publish","type":"post","link":"https:\/\/www.europesays.com\/fr\/10699\/","title":{"rendered":"Lille. Ils ont voulu profiter du Vid\u00e9o mapping festival pour commettre des d\u00e9lits, la police les observait"},"content":{"rendered":"<p>            Par<br \/>\n        <strong><br \/>\n            <a href=\"https:\/\/actu.fr\/auteur\/margot-nicodeme\" title=\"Consulter tous les articles de Margot Nicod\u00e8me\" rel=\"nofollow noopener\" target=\"_blank\">Margot Nicod\u00e8me<\/a><br \/>\n        <\/strong><\/p>\n<p>        Publi\u00e9 le<\/p>\n<p>            7 avr. 2025 \u00e0 12h45        <\/p>\n<p>Ils ont cru pouvoir profiter de la foule tr\u00e8s dense pour commettre leurs d\u00e9lits en toute discr\u00e9tion, mais \u00e7a n\u2019a pas march\u00e9. Vendredi 4 avril, vers 22h40,<b> trois individus ont \u00e9t\u00e9 interpell\u00e9s <\/b>par la police, qui \u00e9tait en patrouille dans le cadre d\u2019une<b> op\u00e9ration de s\u00e9curisation<\/b> du <a href=\"https:\/\/www.instagram.com\/p\/DIDab1CIrEe\/\" rel=\"nofollow noopener\" target=\"_blank\"><b>Vid\u00e9o mapping festival<\/b><\/a>. Place Richeb\u00e9, \u00e0 <a href=\"https:\/\/actu.fr\/hauts-de-france\/lille_59350\" rel=\"nofollow noopener\" target=\"_blank\">Lille<\/a> (Nord), les policiers ont d\u2019abord vu l\u2019un d\u2019eux faire des aller-retours au niveau d\u2019un compteur \u00e9lectrique, avant de le prendre, avec deux complices, en <b>flagrant d\u00e9lit de vol<\/b>.\u00a0<\/p>\n<p>En plein Vid\u00e9o mapping festival \u00e0 Lille, il deale du cannabis et tente de voler un casque de moto<\/p>\n<p class=\" wall-content\">La soir\u00e9e et les projections battent leur plein, vendredi soir \u00e0 Lille, et les rues de la ville sont bond\u00e9es. Mais le petit man\u00e8ge d\u2019un individu n\u2019\u00e9chappe \u00e0 la police, dont les agents arpentent les rues \u00e0 pied. Ils le voient en effet aller chercher<b> un contenu myst\u00e9rieux dans un compteur \u00e9lectrique <\/b>de la place Richeb\u00e9, et \u00e9changer avec un groupe de trois personnes.<\/p>\n<p class=\" wall-content\">Avec les mouvements des spectateurs, ils perdent ces trois derni\u00e8res personnes de vue, mais continuent \u00e0 observer l\u2019autre homme. Celui-ci est rejoint par deux camarades, avec qui il tente ensuite de<b> voler le casque d\u2019une moto<\/b>, attach\u00e9 avec un antivol. Il le sectionne \u00e0 l\u2019aide d\u2019une pince coupante.<\/p>\n<p class=\" wall-content\">Le petit groupe est interpell\u00e9 \u00e0 ce moment-l\u00e0 : ils sont \u00e2g\u00e9s de 33, 25 et 23 ans. Dans la fameuse armoire \u00e9lectrique est retrouv\u00e9 un sachet de r\u00e9sine de cannabis, de 80 g. Ils ont tous les trois \u00e9t\u00e9 plac\u00e9s en garde \u00e0 vue.<\/p>\n<p class=\" wall-content\">Suivez toute l\u2019actualit\u00e9 de vos villes et m\u00e9dias favoris en vous inscrivant \u00e0 <a href=\"https:\/\/moncompte.actu.fr\" title=\"D\u00e9couvez Mon Actu\" rel=\"nofollow noopener\" data-trk=\"{&quot;cta&quot;:{&quot;action&quot;:&quot;https:\\\/\\\/moncompte.actu.fr&quot;,&quot;category&quot;:&quot;mon compte&quot;,&quot;from&quot;:&quot;article footer&quot;,&quot;name&quot;:&quot;Mon actu&quot;,&quot;type&quot;:&quot;cta&quot;}}\" target=\"_blank\">Mon Actu<\/a>.<\/p>\n<p>                    <script async src=\"\/\/www.instagram.com\/embed.js\"><\/script><\/p>\n","protected":false},"excerpt":{"rendered":"Par Margot Nicod\u00e8me Publi\u00e9 le 7 avr. 2025 \u00e0 12h45 Ils ont cru pouvoir profiter de la foule&hellip;\n","protected":false},"author":2,"featured_media":10700,"comment_status":"","ping_status":"","sticky":false,"template":"","format":"standard","meta":{"footnotes":""},"categories":[2815],"tags":[1111,11,1052,1777,674,118,1011,27,811,1307,12,1072,25],"class_list":{"0":"post-10699","1":"post","2":"type-post","3":"status-publish","4":"format-standard","5":"has-post-thumbnail","7":"category-lille","8":"tag-actu","9":"tag-actualites","10":"tag-drogue","11":"tag-eu","12":"tag-europe","13":"tag-faits-divers","14":"tag-fr","15":"tag-france","16":"tag-hauts-de-france","17":"tag-lille","18":"tag-news","19":"tag-police","20":"tag-republique-francaise"},"share_on_mastodon":{"url":"https:\/\/pubeurope.com\/@fr\/114303410072575635","error":""},"_links":{"self":[{"href":"https:\/\/www.europesays.com\/fr\/wp-json\/wp\/v2\/posts\/10699","targetHints":{"allow":["GET"]}}],"collection":[{"href":"https:\/\/www.europesays.com\/fr\/wp-json\/wp\/v2\/posts"}],"about":[{"href":"https:\/\/www.europesays.com\/fr\/wp-json\/wp\/v2\/types\/post"}],"author":[{"embeddable":true,"href":"https:\/\/www.europesays.com\/fr\/wp-json\/wp\/v2\/users\/2"}],"replies":[{"embeddable":true,"href":"https:\/\/www.europesays.com\/fr\/wp-json\/wp\/v2\/comments?post=10699"}],"version-history":[{"count":0,"href":"https:\/\/www.europesays.com\/fr\/wp-json\/wp\/v2\/posts\/10699\/revisions"}],"wp:featuredmedia":[{"embeddable":true,"href":"https:\/\/www.europesays.com\/fr\/wp-json\/wp\/v2\/media\/10700"}],"wp:attachment":[{"href":"https:\/\/www.europesays.com\/fr\/wp-json\/wp\/v2\/media?parent=10699"}],"wp:term":[{"taxonomy":"category","embeddable":true,"href":"https:\/\/www.europesays.com\/fr\/wp-json\/wp\/v2\/categories?post=10699"},{"taxonomy":"post_tag","embeddable":true,"href":"https:\/\/www.europesays.com\/fr\/wp-json\/wp\/v2\/tags?post=10699"}],"curies":[{"name":"wp","href":"https:\/\/api.w.org\/{rel}","templated":true}]}}