{"id":106990,"date":"2025-05-17T12:52:08","date_gmt":"2025-05-17T12:52:08","guid":{"rendered":"https:\/\/www.europesays.com\/fr\/106990\/"},"modified":"2025-05-17T12:52:08","modified_gmt":"2025-05-17T12:52:08","slug":"mclaren-domine-les-el3-max-verstappen-reste-en-embuscade","status":"publish","type":"post","link":"https:\/\/www.europesays.com\/fr\/106990\/","title":{"rendered":"McLaren domine les EL3, Max Verstappen reste en embuscade"},"content":{"rendered":"<p itemprop=\"description\">Lando Norris poursuit sur sa lanc\u00e9e en<br \/>\ns\u2019adjugeant le meilleur temps de la troisi\u00e8me et derni\u00e8re s\u00e9ance<br \/>\nd\u2019essais libres du Grand Prix d\u2019\u00c9milie-Romagne.<\/p>\n<p class=\"\" data-start=\"640\" data-end=\"1038\">Ce samedi matin, les<br \/>\n\u00e9quipes ont profit\u00e9 de cette ultime s\u00e9ance pour affiner les<br \/>\nr\u00e9glages en vue des qualifications. Le ciel l\u00e9g\u00e8rement voil\u00e9 et une<br \/>\ntemp\u00e9rature ambiante de 21\u00b0C, avec un asphalte chauff\u00e9 \u00e0 46\u00b0C, ont<br \/>\nmodifi\u00e9 les conditions de roulage par rapport \u00e0 la veille.<br \/>\nPlusieurs monoplaces, notamment chez Aston Martin et Red Bull,<br \/>\n\u00e9taient dot\u00e9es de nouvelles \u00e9volutions techniques \u00e0 \u00e9valuer.<\/p>\n<p class=\"\" data-start=\"1040\" data-end=\"1262\">Les premi\u00e8res minutes<br \/>\nde la session sont rest\u00e9es calmes, la plupart des pilotes restant<br \/>\ndans leur garage. Les deux Aston Martin, premi\u00e8res \u00e0 s\u2019\u00e9lancer,<br \/>\nn\u2019ont effectu\u00e9 qu\u2019un tour avant de retourner imm\u00e9diatement aux<br \/>\nstands.<\/p>\n<p>Hamilton ouvre le<br \/>\nbal, puis les leaders s\u2019installent<\/p>\n<p class=\"\" data-start=\"1321\" data-end=\"1557\">Lewis Hamilton a \u00e9t\u00e9<br \/>\nle premier \u00e0 \u00e9tablir un chrono de r\u00e9f\u00e9rence en gommes mediums,<br \/>\nabaissant rapidement sa marque \u00e0 1&Prime;15&Prime;866. Il a fallu attendre une<br \/>\nvingtaine de minutes pour voir le reste du peloton se mettre<br \/>\nv\u00e9ritablement en action.<\/p>\n<p class=\"\" data-start=\"1559\" data-end=\"1791\">Oscar Piastri a<br \/>\nbri\u00e8vement pris les commandes, devan\u00e7ant Hamilton de peu. Max<br \/>\nVerstappen, plus discret jusqu\u2019alors, a ensuite r\u00e9agi en signant un<br \/>\nsolide 1&rsquo;15&Prime;579. Norris s\u2019est ensuite intercal\u00e9 entre les deux,<br \/>\ntous en pneus mediums.<\/p>\n<p class=\"\" data-start=\"1793\" data-end=\"2026\">Isack Hadjar a<br \/>\nensuite cr\u00e9\u00e9 la surprise en signant un impressionnant 1&rsquo;15&Prime;508,<br \/>\njuste devant Charles Leclerc. Mais Verstappen a r\u00e9pliqu\u00e9 avec un<br \/>\nchrono am\u00e9lior\u00e9 de deux dixi\u00e8mes, prouvant que la Red Bull<br \/>\nretrouvait peu \u00e0 peu sa forme.<\/p>\n<p>Les tendres C6 en<br \/>\ndifficult\u00e9, Norris brille<\/p>\n<p class=\"\" data-start=\"2076\" data-end=\"2467\">Dans le dernier tiers<br \/>\nde la s\u00e9ance, les pilotes sont pass\u00e9s aux pneus tendres C6, un<br \/>\nnouveau compos\u00e9 apport\u00e9 par Pirelli pour ce week-end. Mais ces<br \/>\ngommes se sont r\u00e9v\u00e9l\u00e9es d\u00e9licates \u00e0 g\u00e9rer : Verstappen et Piastri<br \/>\nont interrompu leur tour rapide apr\u00e8s un premier secteur trop<br \/>\nagressif, signe d\u2019une surchauffe. Seul Norris a su tirer parti des<br \/>\ntendres, bouclant un excellent tour en 1&rsquo;14&Prime;897.<\/p>\n<p class=\"\" data-start=\"2469\" data-end=\"2685\">Piastri a confirm\u00e9 la<br \/>\nbonne forme de McLaren avec le deuxi\u00e8me temps, \u00e0 un dixi\u00e8me de son<br \/>\nco\u00e9quipier. Verstappen, malgr\u00e9 une am\u00e9lioration en performance par<br \/>\nrapport \u00e0 vendredi, doit se contenter de la troisi\u00e8me place.<\/p>\n<p class=\"\" data-start=\"2734\" data-end=\"3014\">\u00c0 l\u2019issue de cette<br \/>\nderni\u00e8re s\u00e9ance d\u2019essais libres, McLaren confirme donc son statut<br \/>\nde pr\u00e9tendant s\u00e9rieux pour la pole position. Avec un Norris en<br \/>\npleine confiance et un Piastri toujours plus proche de l\u2019\u00e9lite,<br \/>\nl\u2019\u00e9curie britannique s\u2019affirme face \u00e0 une Red Bull en qu\u00eate de<br \/>\nstabilit\u00e9.<\/p>\n<p>Classement des EL3 du GP<br \/>\nd&rsquo;Emilie-Romagne F1 2025<\/p>\n<p><img loading=\"lazy\" itemprop=\"thumbnailUrl\" decoding=\"async\" class=\"alignnone size-full wp-image-628915\" src=\"https:\/\/www.europesays.com\/fr\/wp-content\/uploads\/2025\/05\/grjfifdxoaarlol.jpeg\" alt=\"\" width=\"960\" height=\"1200\"\/> \u00a9 XPB Images \/ Laurent<br \/>\nCharniaux<\/p>\n","protected":false},"excerpt":{"rendered":"Lando Norris poursuit sur sa lanc\u00e9e en s\u2019adjugeant le meilleur temps de la troisi\u00e8me et derni\u00e8re s\u00e9ance d\u2019essais&hellip;\n","protected":false},"author":2,"featured_media":106991,"comment_status":"","ping_status":"","sticky":false,"template":"","format":"standard","meta":{"footnotes":""},"categories":[9],"tags":[1981,22434,22435,1011,27,22436,9935,2243,2236,4475,1980,6605,60],"class_list":{"0":"post-106990","1":"post","2":"type-post","3":"status-publish","4":"format-standard","5":"has-post-thumbnail","7":"category-sports","8":"tag-classement","9":"tag-el3","10":"tag-essais-libres-3","11":"tag-fr","12":"tag-france","13":"tag-grand-prix-demilie-romagne","14":"tag-imola","15":"tag-lando-norris","16":"tag-max-verstappen","17":"tag-mclaren","18":"tag-resultats","19":"tag-saison-f1-2025","20":"tag-sports"},"share_on_mastodon":{"url":"https:\/\/pubeurope.com\/@fr\/114523271618906749","error":""},"_links":{"self":[{"href":"https:\/\/www.europesays.com\/fr\/wp-json\/wp\/v2\/posts\/106990","targetHints":{"allow":["GET"]}}],"collection":[{"href":"https:\/\/www.europesays.com\/fr\/wp-json\/wp\/v2\/posts"}],"about":[{"href":"https:\/\/www.europesays.com\/fr\/wp-json\/wp\/v2\/types\/post"}],"author":[{"embeddable":true,"href":"https:\/\/www.europesays.com\/fr\/wp-json\/wp\/v2\/users\/2"}],"replies":[{"embeddable":true,"href":"https:\/\/www.europesays.com\/fr\/wp-json\/wp\/v2\/comments?post=106990"}],"version-history":[{"count":0,"href":"https:\/\/www.europesays.com\/fr\/wp-json\/wp\/v2\/posts\/106990\/revisions"}],"wp:featuredmedia":[{"embeddable":true,"href":"https:\/\/www.europesays.com\/fr\/wp-json\/wp\/v2\/media\/106991"}],"wp:attachment":[{"href":"https:\/\/www.europesays.com\/fr\/wp-json\/wp\/v2\/media?parent=106990"}],"wp:term":[{"taxonomy":"category","embeddable":true,"href":"https:\/\/www.europesays.com\/fr\/wp-json\/wp\/v2\/categories?post=106990"},{"taxonomy":"post_tag","embeddable":true,"href":"https:\/\/www.europesays.com\/fr\/wp-json\/wp\/v2\/tags?post=106990"}],"curies":[{"name":"wp","href":"https:\/\/api.w.org\/{rel}","templated":true}]}}