{"id":1069936,"date":"2026-07-17T06:31:08","date_gmt":"2026-07-17T06:31:08","guid":{"rendered":"https:\/\/www.europesays.com\/fr\/1069936\/"},"modified":"2026-07-17T06:31:08","modified_gmt":"2026-07-17T06:31:08","slug":"recettes-meconnues-et-plats-cultes-4-restos-japonais-pour-se-faire-kiffer-a-strasbourg","status":"publish","type":"post","link":"https:\/\/www.europesays.com\/fr\/1069936\/","title":{"rendered":"Recettes m\u00e9connues et plats cultes : 4 restos japonais pour se faire kiffer \u00e0 Strasbourg"},"content":{"rendered":"<p>    <img loading=\"lazy\" width=\"1800\" height=\"900\" src=\"https:\/\/www.europesays.com\/fr\/wp-content\/uploads\/2026\/04\/jeanne-callthepolice.jpg\" class=\"attachment-full size-full\" alt=\"\" id=\"imageLove\" decoding=\"async\"  \/><\/p>\n<p id=\"breadcrumbs\"><a href=\"https:\/\/pokaa.fr\/\" rel=\"nofollow noopener\" target=\"_blank\">Accueil<\/a> \/ <a href=\"https:\/\/pokaa.fr\/les-bonnes-adresses\/\" rel=\"nofollow noopener\" target=\"_blank\">Bonnes adresses<\/a> \/ Recettes m\u00e9connues et plats cultes : 4 restos japonais pour se faire kiffer \u00e0 Strasbourg<\/p>\n<p>                    Bonnes adresses<\/p>\n<p><strong>\u00c0 la question : que manger pour se garder au frais ? Les sushis et les petits plats japonais arrivent dans le haut du classement. On vous a donc fait une s\u00e9lection de quatre adresses strasbourgeoises de belle qualit\u00e9 pour aller d\u00e9guster des sp\u00e9cialit\u00e9s japonaises de haut vol.<\/strong><\/p>\n<p>OTO<\/p>\n<p>Voici <strong>une nouvelle adresse qui fait parler d\u2019elle<\/strong> depuis son ouverture au printemps. Dans cette <strong>brasserie japonaise moderne<\/strong>, nigiri, hand rolls <strong>et assiettes de poissons frais sont au c\u0153ur du projet<\/strong>.<\/p>\n<p>Maigre au leche de tigre et ma\u00efs grill\u00e9,<strong> tataki de thon et sauce cr\u00e9meuse ponzu ou nigiri au saumon et \u00e0 la mayo truff\u00e9e<\/strong>, allez d\u00e9couvrir la cuisine de ce nouveau spot, vous nous remercierez !<\/p>\n<p style=\"text-align: center;\"><strong>13 rue des Couples<br \/><\/strong><strong><a href=\"https:\/\/www.google.com\/url?sa=t&amp;source=web&amp;rct=j&amp;opi=89978449&amp;url=https:\/\/www.oto-strasbourg.fr\/&amp;ved=2ahUKEwiMgva4w8WVAxXMMvsDHbSFHxAQFnoECD4QAQ&amp;usg=AOvVaw1zJSkE7Z4rEufisdB4Inao\" target=\"_blank\" rel=\"noopener nofollow\">Le site web<\/a><br \/><a href=\"https:\/\/www.google.com\/url?sa=t&amp;source=web&amp;rct=j&amp;opi=89978449&amp;url=https:\/\/www.instagram.com\/oto.strasbourg\/&amp;ved=2ahUKEwiMgva4w8WVAxXMMvsDHbSFHxAQFnoECDoQAQ&amp;usg=AOvVaw0EphjPR9TTzXWp62EJXY1z\" target=\"_blank\" rel=\"noopener nofollow\">La page Instagram<\/a><br \/>09 62 38 97 91<br \/><\/strong><\/p>\n<p>                <img width=\"375\" height=\"500\" src=\"https:\/\/www.europesays.com\/fr\/wp-content\/uploads\/2026\/07\/715493810-976989035096788-6235583216094268524-n-375x500.jpg\" class=\"attachment-gallery size-gallery\" alt=\"oto strasbourg\" data-full-url=\"https:\/\/pokaa.fr\/wp-content\/uploads\/2026\/06\/02\/715493810-976989035096788-6235583216094268524-n-1500x2000.jpg\" decoding=\"async\" loading=\"lazy\"  \/>            <\/p>\n<p>                <img width=\"375\" height=\"500\" src=\"https:\/\/www.europesays.com\/fr\/wp-content\/uploads\/2026\/07\/713863125-994384103294342-3045770426563088569-n-375x500.jpg\" class=\"attachment-gallery size-gallery\" alt=\"oto strasbourg\" data-full-url=\"https:\/\/pokaa.fr\/wp-content\/uploads\/2026\/06\/02\/713863125-994384103294342-3045770426563088569-n-1500x2000.jpg\" decoding=\"async\" loading=\"lazy\"  \/>            <\/p>\n<p>                <img width=\"375\" height=\"500\" src=\"https:\/\/www.europesays.com\/fr\/wp-content\/uploads\/2026\/07\/714363142-1570910091216373-6285858329015532049-n-375x500.jpg\" class=\"attachment-gallery size-gallery\" alt=\"oto strasbourg\" data-full-url=\"https:\/\/pokaa.fr\/wp-content\/uploads\/2026\/06\/02\/714363142-1570910091216373-6285858329015532049-n-1500x2000.jpg\" decoding=\"async\" loading=\"lazy\"  \/>            <\/p>\n<p>                <img width=\"375\" height=\"500\" src=\"https:\/\/www.europesays.com\/fr\/wp-content\/uploads\/2026\/07\/715424788-901813896261877-3997145167227722507-n-375x500.jpg\" class=\"attachment-gallery size-gallery\" alt=\"oto strasbourg\" data-full-url=\"https:\/\/pokaa.fr\/wp-content\/uploads\/2026\/06\/02\/715424788-901813896261877-3997145167227722507-n-1500x2000.jpg\" decoding=\"async\" loading=\"lazy\"  \/>            <\/p>\n<p>                    \u00a9 Vivien Latuner \/ Pokaa<\/p>\n<p>Le Yuki Caf\u00e9 Restaurant<\/p>\n<p>On vous a probablement fait d\u00e9couvrir le Yuki Caf\u00e9 Restaurant <strong>dans <a href=\"https:\/\/pokaa.fr\/le-lardon-2025-strasbourg\/\" target=\"_blank\" rel=\"noopener nofollow\">l\u2019\u00e9dition 2026 du Lardon<\/a>, notre guide gratuit des restaurants \u00e0 Strasbourg<\/strong> et alentours. Derri\u00e8re ce nom, se cache probablement <strong>le plus discret des restaurants japonais de la ville<\/strong>.<\/p>\n<p>\u00c0 la carte, <strong>deux menus uniques en 5 ou 7 temps<\/strong> nous transportent <strong>dans la plus pure tradition japonaise<\/strong> \u00e0 base de tempura de l\u00e9gumes, de sashimis d\u2019exception et de d\u00e9couvertes gustatives d\u2019une rare finesse. <strong>Si vous aimez vous faire surprendre en douceurs<\/strong>, foncez.<\/p>\n<p style=\"text-align: center;\"><strong>4 boulevard de Nancy<br \/><\/strong><strong><a href=\"https:\/\/www.google.com\/url?sa=t&amp;source=web&amp;rct=j&amp;opi=89978449&amp;url=https:\/\/yuki-cafe-restaurant.com\/&amp;ved=2ahUKEwicwtOxxMWVAxUXKvsDHfJfF9QQFnoECCEQAQ&amp;usg=AOvVaw0xXnExR-y7jVWMkFkW9_vX\" target=\"_blank\" rel=\"noopener nofollow\">Le site web<\/a><br \/><a href=\"https:\/\/www.google.com\/url?sa=t&amp;source=web&amp;rct=j&amp;opi=89978449&amp;url=https:\/\/www.instagram.com\/yuki.cafe.restaurant\/&amp;ved=2ahUKEwicwtOxxMWVAxUXKvsDHfJfF9QQFnoECBgQAQ&amp;usg=AOvVaw2lWNUWXt7Afq_I8GQ7KCot\" target=\"_blank\" rel=\"noopener nofollow\">La page Instagram<\/a><br \/>09 51 62 81 32<br \/><\/strong><\/p>\n<p>                <img width=\"440\" height=\"500\" src=\"https:\/\/www.europesays.com\/fr\/wp-content\/uploads\/2026\/07\/yuki-cafe-credit-yuki-cafeyuki-cafeimg-0653-440x500.jpg\" class=\"attachment-gallery size-gallery\" alt=\"Yuki Caf\u00e9 cr\u00e9dit Yuki caf\u00e9Yuki Caf\u00e9IMG_0653\" data-full-url=\"https:\/\/pokaa.fr\/wp-content\/uploads\/2026\/07\/09\/yuki-cafe-credit-yuki-cafeyuki-cafeimg-0653.jpg\" decoding=\"async\" loading=\"lazy\"  \/>            <\/p>\n<p>                <img width=\"317\" height=\"500\" src=\"https:\/\/www.europesays.com\/fr\/wp-content\/uploads\/2026\/07\/yuki-cafe-credit-yuki-cafeyuki-cafeimg-0652-317x500.jpg\" class=\"attachment-gallery size-gallery\" alt=\"Yuki Caf\u00e9 cr\u00e9dit Yuki caf\u00e9Yuki Caf\u00e9IMG_0652\" data-full-url=\"https:\/\/pokaa.fr\/wp-content\/uploads\/2026\/07\/09\/yuki-cafe-credit-yuki-cafeyuki-cafeimg-0652.jpg\" decoding=\"async\" loading=\"lazy\"  \/>            <\/p>\n<p>                    \u00a9 Yuki Caf\u00e9 Restaurant \/ Captures d&rsquo;\u00e9cran<\/p>\n<p>Mikado<\/p>\n<p>C\u2019est <strong>l\u2019un de nos restaurants japonais favoris \u00e0 Strasbourg<\/strong>. Install\u00e9 depuis pr\u00e8s de 23 ans \u00e0 la Petite France, <strong>il est l\u2019un des premiers \u00e0 s\u2019\u00eatre implant\u00e9 dans la capitale alsacienne<\/strong>, et il est toujours l\u00e0, preuve de la qualit\u00e9 de sa cuisine !<\/p>\n<p><strong>Au menu : des sushis et des makis r\u00e9alis\u00e9s dans la plus pure tradition par un ma\u00eetre sushi<\/strong> et des plats frais que l\u2019on n\u2019a pas l\u2019habitude de manger, comme la soupe de nouilles froides. <strong>C\u2019est une adresse qui fait tout simplement du bien.<\/strong><\/p>\n<p style=\"text-align: center;\"><strong>11 quai Turckheim<br \/><\/strong><strong><a href=\"https:\/\/www.google.com\/url?sa=t&amp;source=web&amp;rct=j&amp;opi=89978449&amp;url=https:\/\/mikadostrasbourg.fr\/&amp;ved=2ahUKEwj7kMbgxcWVAxWdUaQEHUYICEQQFnoECDsQAQ&amp;usg=AOvVaw1D9wQvSA_SrgPP9otxCF8q\" target=\"_blank\" rel=\"noopener nofollow\">Le site web<\/a><\/strong><br \/><strong><a href=\"https:\/\/www.google.com\/url?sa=t&amp;source=web&amp;rct=j&amp;opi=89978449&amp;url=https:\/\/www.instagram.com\/mikadostrasbourg\/&amp;ved=2ahUKEwj7kMbgxcWVAxWdUaQEHUYICEQQFnoECDoQAQ&amp;usg=AOvVaw23dl8dpM4TgBCgvkKjHjnb\" target=\"_blank\" rel=\"noopener nofollow\">La page Instagram<\/a><br \/>07 50 50 20 07<br \/><\/strong><\/p>\n<p>                <a href=\"https:\/\/pokaa.fr\/2023\/06\/29\/mikado-strasbourg-une-pepite-de-la-cuisine-traditionnelle-japonaise-cachee-sur-les-bords-de-lill\/\" rel=\"nofollow noopener\" target=\"_blank\"><br \/>\n                    <img width=\"450\" height=\"270\" src=\"https:\/\/www.europesays.com\/fr\/wp-content\/uploads\/2026\/07\/image00027-7-450x270.jpeg\" class=\"attachment-card-horizontal--same-subject size-card-horizontal--same-subject wp-post-image\" alt=\"\" decoding=\"async\" loading=\"lazy\"\/>                <\/a><\/p>\n<p>                <img width=\"375\" height=\"500\" src=\"https:\/\/www.europesays.com\/fr\/wp-content\/uploads\/2026\/07\/image00021-9-375x500.jpeg\" class=\"attachment-gallery size-gallery\" alt=\"Mikado restaurant japonais sushi asiatique\" data-full-url=\"https:\/\/pokaa.fr\/wp-content\/uploads\/2023\/06\/image00021-9.jpeg\" decoding=\"async\" loading=\"lazy\"  \/>            <\/p>\n<p>                <img width=\"375\" height=\"500\" src=\"https:\/\/www.europesays.com\/fr\/wp-content\/uploads\/2026\/07\/image00035-8-375x500.jpeg\" class=\"attachment-gallery size-gallery\" alt=\"Restaurant mikado japonais asiatique sushi\" data-full-url=\"https:\/\/pokaa.fr\/wp-content\/uploads\/2023\/06\/image00035-8.jpeg\" decoding=\"async\" loading=\"lazy\"  \/>            <\/p>\n<p>                <img width=\"375\" height=\"500\" src=\"https:\/\/www.europesays.com\/fr\/wp-content\/uploads\/2026\/07\/image00056-1-375x500.jpeg\" class=\"attachment-gallery size-gallery\" alt=\"Restaurant mikado japonais asiatique sushi\" data-full-url=\"https:\/\/pokaa.fr\/wp-content\/uploads\/2023\/06\/image00056-1.jpeg\" decoding=\"async\" loading=\"lazy\"  \/>            <\/p>\n<p>                <img width=\"375\" height=\"500\" src=\"https:\/\/www.europesays.com\/fr\/wp-content\/uploads\/2026\/07\/image00044-5-375x500.jpeg\" class=\"attachment-gallery size-gallery\" alt=\"Restaurant mikado japonais asiatique sushi\" data-full-url=\"https:\/\/pokaa.fr\/wp-content\/uploads\/2023\/06\/image00044-5.jpeg\" decoding=\"async\" loading=\"lazy\"  \/>            <\/p>\n<p>                <img width=\"375\" height=\"500\" src=\"https:\/\/www.europesays.com\/fr\/wp-content\/uploads\/2026\/07\/image00004-375x500.jpeg\" class=\"attachment-gallery size-gallery\" alt=\"Restaurant japonais Mikado\" data-full-url=\"https:\/\/pokaa.fr\/wp-content\/uploads\/2023\/10\/27\/image00004.jpeg\" decoding=\"async\" loading=\"lazy\"  \/>            <\/p>\n<p>                    \u00a9 Bastien Pietronave \/ Pokaa<\/p>\n<p>Hibiki <\/p>\n<p>Direction Schiltigheim pour <strong>se mettre \u00e0 la table de l\u2019un des restaurants japonais les plus r\u00e9put\u00e9s des environs.<\/strong> Unique en son genre, on y savoure<strong> une cuisine traditionnelle japonaise fine et d\u00e9licate \u00e0 l\u2019esth\u00e9tique l\u00e9ch\u00e9e.<\/strong><\/p>\n<p>La gastronomie japonaise, <strong>alli\u00e9e \u00e0 de bons vins ou \u00e0 de bons sak\u00e9s<\/strong>, titille le palais comme nulle part ailleurs. L\u00e9gumes croquants acidul\u00e9s, <strong>viandes juste saisies ou poissons crus<\/strong>, algues salines, jus et sauces d\u2019une rare sapidit\u00e9, <strong>c\u2019est une adresse qu\u2019il faut absolument d\u00e9couvrir.<\/strong><\/p>\n<p style=\"text-align: center;\"><strong>6 rue de la Mairie, \u00e0 Schiltigheim<br \/><a href=\"https:\/\/www.google.com\/url?sa=t&amp;source=web&amp;rct=j&amp;opi=89978449&amp;url=https:\/\/www.instagram.com\/hibiki_schilick\/%3Fhl%3Dfr&amp;ved=2ahUKEwih0ei-xsWVAxU2TaQEHdSSJEgQFnoECDoQAQ&amp;usg=AOvVaw2ClE72F9y-RXpb7FIU5UVx\" target=\"_blank\" rel=\"noopener nofollow\">La page Instagram<\/a><br \/>03 67 99 70 38<br \/><\/strong><\/p>\n<p>                <img width=\"502\" height=\"500\" src=\"https:\/\/www.europesays.com\/fr\/wp-content\/uploads\/2026\/07\/hibiki-schiltigheim-4-502x500.png\" class=\"attachment-gallery size-gallery\" alt=\"Hibiki Schiltigheim (4)\" data-full-url=\"https:\/\/pokaa.fr\/wp-content\/uploads\/2024\/03\/07\/hibiki-schiltigheim-4.png\" decoding=\"async\" loading=\"lazy\"  \/>            <\/p>\n<p>                <img width=\"486\" height=\"500\" src=\"https:\/\/www.europesays.com\/fr\/wp-content\/uploads\/2026\/07\/hibiki-schiltigheim-3-486x500.png\" class=\"attachment-gallery size-gallery\" alt=\"Hibiki Schiltigheim (3)\" data-full-url=\"https:\/\/pokaa.fr\/wp-content\/uploads\/2024\/03\/07\/hibiki-schiltigheim-3.png\" decoding=\"async\" loading=\"lazy\"  \/>            <\/p>\n<p>                <img width=\"468\" height=\"500\" src=\"https:\/\/www.europesays.com\/fr\/wp-content\/uploads\/2026\/07\/hibiki-schiltigheim-2-468x500.png\" class=\"attachment-gallery size-gallery\" alt=\"Hibiki Schiltigheim (2)\" data-full-url=\"https:\/\/pokaa.fr\/wp-content\/uploads\/2024\/03\/07\/hibiki-schiltigheim-2.png\" decoding=\"async\" loading=\"lazy\"  \/>            <\/p>\n<p>                <img width=\"463\" height=\"500\" src=\"https:\/\/www.europesays.com\/fr\/wp-content\/uploads\/2026\/07\/hibiki-schiltigheim-1-463x500.png\" class=\"attachment-gallery size-gallery\" alt=\"Hibiki Schiltigheim (1)\" data-full-url=\"https:\/\/pokaa.fr\/wp-content\/uploads\/2024\/03\/07\/hibiki-schiltigheim-1.png\" decoding=\"async\" loading=\"lazy\"  \/>            <\/p>\n<p>                    \u00a9 Hibiki \/ Captures d&rsquo;\u00e9cran <\/p>\n<p><script async src=\"\/\/www.instagram.com\/embed.js\"><\/script><\/p>\n","protected":false},"excerpt":{"rendered":"Accueil \/ Bonnes adresses \/ Recettes m\u00e9connues et plats cultes : 4 restos japonais pour se faire kiffer&hellip;\n","protected":false},"author":2,"featured_media":1069937,"comment_status":"","ping_status":"","sticky":false,"template":"","format":"standard","meta":{"footnotes":"","_share_on_mastodon":"0"},"categories":[2820],"tags":[1111,11,1777,674,1011,27,775,14954,12,65895,25,640,58524,32712],"class_list":["post-1069936","post","type-post","status-publish","format-standard","has-post-thumbnail","category-strasbourg","tag-actu","tag-actualites","tag-eu","tag-europe","tag-fr","tag-france","tag-grand-est","tag-meilleur","tag-news","tag-ou-manger","tag-republique-francaise","tag-strasbourg","tag-strasbourg-actualite","tag-sushi"],"share_on_mastodon":{"url":"","error":""},"_links":{"self":[{"href":"https:\/\/www.europesays.com\/fr\/wp-json\/wp\/v2\/posts\/1069936","targetHints":{"allow":["GET"]}}],"collection":[{"href":"https:\/\/www.europesays.com\/fr\/wp-json\/wp\/v2\/posts"}],"about":[{"href":"https:\/\/www.europesays.com\/fr\/wp-json\/wp\/v2\/types\/post"}],"author":[{"embeddable":true,"href":"https:\/\/www.europesays.com\/fr\/wp-json\/wp\/v2\/users\/2"}],"replies":[{"embeddable":true,"href":"https:\/\/www.europesays.com\/fr\/wp-json\/wp\/v2\/comments?post=1069936"}],"version-history":[{"count":0,"href":"https:\/\/www.europesays.com\/fr\/wp-json\/wp\/v2\/posts\/1069936\/revisions"}],"wp:featuredmedia":[{"embeddable":true,"href":"https:\/\/www.europesays.com\/fr\/wp-json\/wp\/v2\/media\/1069937"}],"wp:attachment":[{"href":"https:\/\/www.europesays.com\/fr\/wp-json\/wp\/v2\/media?parent=1069936"}],"wp:term":[{"taxonomy":"category","embeddable":true,"href":"https:\/\/www.europesays.com\/fr\/wp-json\/wp\/v2\/categories?post=1069936"},{"taxonomy":"post_tag","embeddable":true,"href":"https:\/\/www.europesays.com\/fr\/wp-json\/wp\/v2\/tags?post=1069936"}],"curies":[{"name":"wp","href":"https:\/\/api.w.org\/{rel}","templated":true}]}}