{"id":106994,"date":"2025-05-17T12:54:14","date_gmt":"2025-05-17T12:54:14","guid":{"rendered":"https:\/\/www.europesays.com\/fr\/106994\/"},"modified":"2025-05-17T12:54:14","modified_gmt":"2025-05-17T12:54:14","slug":"acer-degaine-sa-premiere-bague-connectee-qui-possede-deja-un-avantage-interessant","status":"publish","type":"post","link":"https:\/\/www.europesays.com\/fr\/106994\/","title":{"rendered":"Acer d\u00e9gaine sa premi\u00e8re bague connect\u00e9e qui poss\u00e8de d\u00e9j\u00e0 un avantage int\u00e9ressant"},"content":{"rendered":"<p>Acer, g\u00e9ant du PC, entre par surprise sur le march\u00e9 des bagues connect\u00e9es avec sa FreeSense Ring ax\u00e9e sur la sant\u00e9 et l\u2019IA. Son bel avantage\u2009? L\u2019absence d\u2019abonnement payant pour acc\u00e9der \u00e0 toutes ses analyses.<\/p>\n<p><a target=\"_blank\" href=\"https:\/\/images.frandroid.com\/wp-content\/uploads\/2025\/05\/acer-freesense-ring1.jpg\" class=\"article-content__figure\" rel=\"nofollow noopener\"><img fetchpriority=\"high\" decoding=\"async\" loading=\"eager\" width=\"1200\" height=\"675\" src=\"https:\/\/www.europesays.com\/fr\/wp-content\/uploads\/2025\/05\/acer-freesense-ring1-1200x675-1.jpg\" alt=\"Acer FreeSense Ring\" class=\"wp-image-2618313 wp-image wp-image\"  \/><\/a>Source : Acer<\/p>\n<p>Le constructeur ta\u00efwanais Acer a d\u00e9voil\u00e9 en avant-premi\u00e8re du Computex\u00a02025 \u2013 orgnais\u00e9 du 20 au 23\u00a0mai \u00e0 Ta\u00efwan \u2013 que Frandroid va couvrir une in\u00e9dite <a href=\"https:\/\/www.frandroid.com\/guide-dachat\/1875593_bagues-connectees-quels-sont-les-modeles-deja-disponibles#circular-ring-slim\" rel=\"nofollow noopener\" target=\"_blank\">bague connect\u00e9e<\/a>. C\u2019est une premi\u00e8re pour le g\u00e9ant des PC. Son nom\u2009? La FreeSense Ring, qui s\u2019attaque frontalement \u00e0 Oura, Ultrahuman, Samsung ou encore Circular, pour ne citer que ces marques.<\/p>\n<p>Sant\u00e9 et IA<\/p>\n<p>La FreeSense Ring promet de suivre \u00ab\u2009des param\u00e8tres physiologiques vitaux tels que la fr\u00e9quence cardiaque, sa variabilit\u00e9, le taux d\u2019oxyg\u00e8ne dans le sang et la qualit\u00e9 du sommeil\u2009\u00bb, est-il indiqu\u00e9 dans un communiqu\u00e9 de presse mentionn\u00e9 par <a target=\"_blank\" href=\"https:\/\/www.techradar.com\/health-fitness\/acers-surprise-new-device-is-nothing-to-do-with-your-laptop-its-a-fitness-tracking-smart-ring\" rel=\"nofollow noopener\">TechRadar<\/a>. Sans surprise, car 2025 oblige, l\u2019intelligence artificielle sera de la partie.<\/p>\n<p>            <img decoding=\"async\" width=\"1200\" height=\"446\" loading=\"lazy\" alt=\"Box Huawei Fit 4 2\" title=\"Box Huawei Fit 4 2\" class=\"is-radiusless placeholder-default wp-image\" src=\"https:\/\/www.europesays.com\/fr\/wp-content\/uploads\/2025\/05\/box-huawei-fit-4-2-1200x446.jpg\" \/>        <\/p>\n<p>\n                D\u00e9passez l\u2019ordinaire : la HUAWEI WATCH FIT 4 Pro est con\u00e7ue pour relever tous les d\u00e9fis            <\/p>\n<p class=\"has-text-weight-medium is-size-6 is-line-height-normal\">\n                Cette montre ultra-fine et l\u00e9g\u00e8re en titane et verre saphir permet une analyse professionnelle des sports d\u2019ext\u00e9rieurs : cartes de golf int\u00e9gr\u00e9es, suivi d\u2019itin\u00e9raires pour les sports nautiques, cartes de contour hors ligne pour le trail\u2026 Le tout jusqu\u2019\u00e0 10 jours d\u2019autonomie.            <\/p>\n<p>Acer veut notamment s\u2019appuyer sur l\u2019IA pour analyser les donn\u00e9es de sant\u00e9 et de forme physique au travers d\u2019une application compagnon. Des conseils et des suggestions personnalis\u00e9s relatifs \u00e0 votre bien-\u00eatre seront ainsi propos\u00e9s. Bref, une bague connect\u00e9e qui veut mettre l\u2019accent sur la sant\u00e9.<\/p>\n<p><a target=\"_blank\" href=\"https:\/\/images.frandroid.com\/wp-content\/uploads\/2025\/05\/acer-freesense-ring2.jpg\" class=\"article-content__figure\" rel=\"nofollow noopener\"><img loading=\"lazy\" decoding=\"async\" width=\"1200\" height=\"675\" src=\"https:\/\/www.europesays.com\/fr\/wp-content\/uploads\/2025\/05\/acer-freesense-ring2-1200x675.jpg\" alt=\"Acer FreeSense Ring\" class=\"wp-image-2618315 wp-image\"  \/><\/a>Source : Acer<\/p>\n<p>Pour le moment, il n\u2019est pas pr\u00e9cis\u00e9 si la FreeSense Ring supporte le <a href=\"https:\/\/www.frandroid.com\/comment-faire\/comment-fonctionne-la-technologie\/237303_lenfc-2\" rel=\"nofollow noopener\" target=\"_blank\">NFC<\/a> pour les paiements sans contact. On sait en revanche qu\u2019elle est fabriqu\u00e9e en alliage de titane l\u00e9ger, qu\u2019elle profite d\u2019une certification\u00a0<a href=\"https:\/\/www.frandroid.com\/marques\/google\/327004_smartphones-etanches-edition-2016-meilleurs-choix-ne-plus-noyer-mobile#:~:text=Aujourd&#039;hui%2C%20la%20plupart%20des,et%20jusqu&#039;%C3%A0%20une%20heure.\" rel=\"nofollow noopener\" target=\"_blank\">IP68<\/a> pour r\u00e9sister \u00e0 l\u2019eau et qu\u2019elle oscille entre 2 et 3\u00a0grammes selon les futures tailles propos\u00e9es.<\/p>\n<p>Aucun abonnement payant<\/p>\n<p>L\u00e0 o\u00f9 la FreeSense Ring peut s\u00e9duire, c\u2019est sur l\u2019absence de tout abonnement payant pour acc\u00e9der aux informations de sant\u00e9 et les suggestions bas\u00e9es sur l\u2019IA. \u00c0 la mani\u00e8re de la <a href=\"https:\/\/www.frandroid.com\/marques\/samsung\/2076378_test-de-la-samsung-galaxy-ring-un-anneau-pour-les-gouverner-tous\" rel=\"nofollow noopener\" target=\"_blank\">Samsung Galaxy Ring<\/a> par exemple.<\/p>\n<p>Au total, deux coloris seront propos\u00e9s : or\/rose ou noir. Pour l\u2019instant, aucune information n\u2019a filtr\u00e9 quant \u00e0 sa date de sortie et son prix.<\/p>\n<p>Rejoignez-nous de 17 \u00e0 19h, un mercredi sur deux, pour l\u2019\u00e9mission <strong>UNLOCK<\/strong> produite par <strong>Frandroid<\/strong> et <strong>Numerama<\/strong> ! Actus tech, interviews, astuces et analyses\u2026 On se retrouve <a href=\"https:\/\/www.twitch.tv\/frandroidlive\" target=\"_blank\" rel=\"noopener nofollow\">en direct sur Twitch<\/a> ou en rediffusion <a href=\"https:\/\/www.youtube.com\/@unlocktalk\" target=\"_blank\" rel=\"noopener nofollow\">sur YouTube<\/a> !<\/p>\n","protected":false},"excerpt":{"rendered":"Acer, g\u00e9ant du PC, entre par surprise sur le march\u00e9 des bagues connect\u00e9es avec sa FreeSense Ring ax\u00e9e&hellip;\n","protected":false},"author":2,"featured_media":106995,"comment_status":"","ping_status":"","sticky":false,"template":"","format":"standard","meta":{"footnotes":""},"categories":[7],"tags":[22437,22438,1011,27,14357,43,40,41,39,42,44],"class_list":{"0":"post-106994","1":"post","2":"type-post","3":"status-publish","4":"format-standard","5":"has-post-thumbnail","7":"category-sciences-et-technologies","8":"tag-acer-freesense-ring","9":"tag-computex-2025","10":"tag-fr","11":"tag-france","12":"tag-officialisation","13":"tag-science","14":"tag-science-and-technology","15":"tag-sciences","16":"tag-sciences-et-technologies","17":"tag-technologies","18":"tag-technology"},"share_on_mastodon":{"url":"https:\/\/pubeurope.com\/@fr\/114523279774225965","error":""},"_links":{"self":[{"href":"https:\/\/www.europesays.com\/fr\/wp-json\/wp\/v2\/posts\/106994","targetHints":{"allow":["GET"]}}],"collection":[{"href":"https:\/\/www.europesays.com\/fr\/wp-json\/wp\/v2\/posts"}],"about":[{"href":"https:\/\/www.europesays.com\/fr\/wp-json\/wp\/v2\/types\/post"}],"author":[{"embeddable":true,"href":"https:\/\/www.europesays.com\/fr\/wp-json\/wp\/v2\/users\/2"}],"replies":[{"embeddable":true,"href":"https:\/\/www.europesays.com\/fr\/wp-json\/wp\/v2\/comments?post=106994"}],"version-history":[{"count":0,"href":"https:\/\/www.europesays.com\/fr\/wp-json\/wp\/v2\/posts\/106994\/revisions"}],"wp:featuredmedia":[{"embeddable":true,"href":"https:\/\/www.europesays.com\/fr\/wp-json\/wp\/v2\/media\/106995"}],"wp:attachment":[{"href":"https:\/\/www.europesays.com\/fr\/wp-json\/wp\/v2\/media?parent=106994"}],"wp:term":[{"taxonomy":"category","embeddable":true,"href":"https:\/\/www.europesays.com\/fr\/wp-json\/wp\/v2\/categories?post=106994"},{"taxonomy":"post_tag","embeddable":true,"href":"https:\/\/www.europesays.com\/fr\/wp-json\/wp\/v2\/tags?post=106994"}],"curies":[{"name":"wp","href":"https:\/\/api.w.org\/{rel}","templated":true}]}}