{"id":107000,"date":"2025-05-17T12:57:09","date_gmt":"2025-05-17T12:57:09","guid":{"rendered":"https:\/\/www.europesays.com\/fr\/107000\/"},"modified":"2025-05-17T12:57:09","modified_gmt":"2025-05-17T12:57:09","slug":"un-palmier-tombe-sur-la-croisette-durant-le-festival-de-cannes-un-blesse-grave-evacue-par-les-pompiers","status":"publish","type":"post","link":"https:\/\/www.europesays.com\/fr\/107000\/","title":{"rendered":"Un palmier tombe sur La Croisette durant le Festival de Cannes: un bless\u00e9 grave \u00e9vacu\u00e9 par les pompiers"},"content":{"rendered":"<p>Ce samedi 17 mai, \u00e0 la mi-journ\u00e9e, un palmier de plusieurs m\u00e8tres s&rsquo;est effondr\u00e9 sur la Croisette. L&rsquo;arbre s&rsquo;est cass\u00e9 et a chut\u00e9, au niveau de la plage Mademoiselle Gray, c\u00f4t\u00e9 promenade.\u00a0<\/p>\n<p>La chute de cet arbre a fait un bless\u00e9 grave, n\u00e9cessitant son \u00e9vacuation par les services de secours.\u00a0<\/p>\n<p>Selon les informations de Nice-Matin, <strong>la victime \u00e2g\u00e9 d&rsquo;une trentaine d&rsquo;ann\u00e9es est un homme, un festivalier pr\u00e9sent \u00e0 Cannes pour la quinzaine en qualit\u00e9 de producteur<\/strong>, nous pr\u00e9cise une source sur place.<\/p>\n<p>Les pompiers et la police nationale ont \u00e9t\u00e9 les premiers \u00e0 arriver sur les lieux, aux alentours de 12h30.<\/p>\n<p>              <img ci-src=\"https:\/\/www.nicematin.com\/faits-divers\/DSC_6640-F8JS61S6.JPG?ci_seal=65ef15a78a\" alt=\"\"\/><br \/>\n        Les services de s\u00e9curit\u00e9 sont arriv\u00e9s rapidement sur les lieux.  <strong>Photo: Paul Mangeon Jean\/Nice Matin .<\/strong> <\/p>\n<p>Au total, une quinzaine de personnes des services de police sont pr\u00e9sentes. <strong>Heurt\u00e9e \u00e0 la t\u00eate, la victime serait dans un \u00e9tat grave,<\/strong> mais le pronostic reste \u00e0 d\u00e9terminer et pr\u00e9ciser par les soignants, qui le m\u00e9dicalisent sur place.<\/p>\n<p>Pour cause, le palmier \u00e9tait d&rsquo;apr\u00e8s certains t\u00e9moignages rong\u00e9 par les termites. Mais la cause de cet accident reste \u00e0 d\u00e9terminer.\u00a0<\/p>\n<p>L\u2019arbre a \u00e9galement entra\u00een\u00e9 dans sa chute un c\u00e2ble \u00e9lectrique, n\u00e9cessitant une s\u00e9curisation par la police municipale<\/p>\n<p><strong>Plus d&rsquo;informations \u00e0 venir&#8230;<\/strong><\/p>\n<p>              <img ci-src=\"https:\/\/www.nicematin.com\/faits-divers\/Image_20250517_125312_975_censored-3olvn0Ir.jpg?ci_seal=a3ccf0dfa8\" alt=\"\"\/><br \/>\n         <strong>Photo: DR .<\/strong> <\/p>\n","protected":false},"excerpt":{"rendered":"Ce samedi 17 mai, \u00e0 la mi-journ\u00e9e, un palmier de plusieurs m\u00e8tres s&rsquo;est effondr\u00e9 sur la Croisette. L&rsquo;arbre&hellip;\n","protected":false},"author":2,"featured_media":107001,"comment_status":"","ping_status":"","sticky":false,"template":"","format":"standard","meta":{"footnotes":""},"categories":[4],"tags":[11,118,5634,1011,27,12,25],"class_list":{"0":"post-107000","1":"post","2":"type-post","3":"status-publish","4":"format-standard","5":"has-post-thumbnail","7":"category-france","8":"tag-actualites","9":"tag-faits-divers","10":"tag-festival-de-cannes","11":"tag-fr","12":"tag-france","13":"tag-news","14":"tag-republique-francaise"},"share_on_mastodon":{"url":"https:\/\/pubeurope.com\/@fr\/114523291233345557","error":""},"_links":{"self":[{"href":"https:\/\/www.europesays.com\/fr\/wp-json\/wp\/v2\/posts\/107000","targetHints":{"allow":["GET"]}}],"collection":[{"href":"https:\/\/www.europesays.com\/fr\/wp-json\/wp\/v2\/posts"}],"about":[{"href":"https:\/\/www.europesays.com\/fr\/wp-json\/wp\/v2\/types\/post"}],"author":[{"embeddable":true,"href":"https:\/\/www.europesays.com\/fr\/wp-json\/wp\/v2\/users\/2"}],"replies":[{"embeddable":true,"href":"https:\/\/www.europesays.com\/fr\/wp-json\/wp\/v2\/comments?post=107000"}],"version-history":[{"count":0,"href":"https:\/\/www.europesays.com\/fr\/wp-json\/wp\/v2\/posts\/107000\/revisions"}],"wp:featuredmedia":[{"embeddable":true,"href":"https:\/\/www.europesays.com\/fr\/wp-json\/wp\/v2\/media\/107001"}],"wp:attachment":[{"href":"https:\/\/www.europesays.com\/fr\/wp-json\/wp\/v2\/media?parent=107000"}],"wp:term":[{"taxonomy":"category","embeddable":true,"href":"https:\/\/www.europesays.com\/fr\/wp-json\/wp\/v2\/categories?post=107000"},{"taxonomy":"post_tag","embeddable":true,"href":"https:\/\/www.europesays.com\/fr\/wp-json\/wp\/v2\/tags?post=107000"}],"curies":[{"name":"wp","href":"https:\/\/api.w.org\/{rel}","templated":true}]}}