{"id":107003,"date":"2025-05-17T12:59:19","date_gmt":"2025-05-17T12:59:19","guid":{"rendered":"https:\/\/www.europesays.com\/fr\/107003\/"},"modified":"2025-05-17T12:59:19","modified_gmt":"2025-05-17T12:59:19","slug":"good-vibrations-du-19-au-24-mai","status":"publish","type":"post","link":"https:\/\/www.europesays.com\/fr\/107003\/","title":{"rendered":"\u00ab\u00a0Good vibrations\u00a0\u00bb du 19 au 24\u00a0mai"},"content":{"rendered":"<p>Une fois par an, depuis 1992, Saint-\u00c9tienne vit au rythme de Paroles et Musiques. Pour sa 34e \u00e9dition, le festival a choisi trois lieux principaux pour ses concerts\u00a0: La Com\u00e8te (avec L\u2019Usine et le Panassa), le Fil et le Z\u00e9nith. Trois espaces pour des atmosph\u00e8res et des programmations bien diff\u00e9rentes.<\/p>\n<p>  La Com\u00e8te entre \u00ab\u00a0p\u00e9pites\u00a0\u00bb et incontournables<\/p>\n<p>Le festival a toujours aim\u00e9 faire d\u00e9couvrir les incontournables de demain. Paroles et Musiques a notamment donn\u00e9 sa chance \u00e0 &#8211; M -, Eddy de Pretto, Clara Luciani ou <a href=\"https:\/\/www.leprogres.fr\/p\/zaho-de-sagazan\" target=\"_blank\" rel=\"nofollow noopener\">Zaho de Sagazan<\/a>. Cette ann\u00e9e encore, de nombreuses d\u00e9couvertes sont au programme de L\u2019Usine \u00e0 La Com\u00e8te avec le dandy d\u00e9cal\u00e9 Sam Sauvage, St Graal et son \u00e9nergie \u00ab\u00a0skate pop\u00a0\u00bb, l\u2019univers sensible et percutant de Whisper ou encore la musique d\u2019Asfar Shamsi.<\/p>\n<p>La salle du Panassa de La Com\u00e8te accueillera de son c\u00f4t\u00e9, le 19\u00a0mai, une soir\u00e9e r\u00e9unissant le piano et les bons mots d\u2019H\u00e9l\u00e8ne Sio avec les chansons pleines d\u2019audace, d\u2019humour et de profondeur de Jeanne Cherhal. Le lendemain, ce sera au tour de Victor Solf et Pierre Lapointe d\u2019envo\u00fbter le public st\u00e9phanois. Le 21\u00a0mai, le plateau r\u00e9unira le chanteur du groupe Boulevard des Airs, Sylvain Duthu ainsi que la r\u00e9v\u00e9lation f\u00e9minine aux Victoires de la musique 2021, Clou. Et, sans surprise, la soir\u00e9e du 22\u00a0mai avec Lisa Pariente et Thomas Fersen <a href=\"https:\/\/www.leprogres.fr\/culture-loisirs\/2025\/03\/11\/paroles-et-musiques-le-festival-d-ou-nait-l-ete-revient-pour-sa-34e-edition\" target=\"_blank\" rel=\"nofollow noopener\"> affiche d\u00e9j\u00e0 complet<\/a>.<\/p>\n<p>  Hoshi, Les Ogres de Barback &amp; La Rue Ketanou sont au Z\u00e9nith<\/p>\n<p>On change de salle et d\u2019atmosph\u00e8re avec deux grandes soir\u00e9es \u00e0 d\u00e9couvrir dans l\u2019\u00e9crin du Z\u00e9nith de Saint-\u00c9tienne. Le 23\u00a0mai, Emma Peters, J\u00e9r\u00e9my Fr\u00e9rot et Hoshi, chanteuse aux deux albums certifi\u00e9s de platine.<\/p>\n<p>Pour conclure cette 34e \u00e9dition dans un grand feu d\u2019artifice, le Z\u00e9nith accueillera le 24\u00a0mai une soir\u00e9e \u00e9v\u00e9nement avec L.E.J, Les M\u00e9canos, Alkabaya, Les Ogres de Barback &amp; La Rue Ketanou.<\/p>\n<p>Le Fil s\u2019invite \u00e9galement dans cette soir\u00e9e de cl\u00f4ture avec une affiche d\u00e9jant\u00e9e r\u00e9unissant DeserTGirlZ, l\u2019emo-core r\u00e9volt\u00e9 de Th\u00e9a, avant de finir par Bagarre dont le \u00ab\u00a0clubbing autog\u00e9r\u00e9\u00a0\u00bb est sans limites, sans fronti\u00e8re, sans genre, sans sc\u00e8ne ni fosse, et o\u00f9 la libert\u00e9 est totale. Un peu \u00e0 l\u2019image de ce cru 2025.<\/p>\n<p class=\"note\">L\u2019int\u00e9gralit\u00e9 de la programmation et la billetterie sur www.festivalpm.com. Pass festival (un Z\u00e9nith) et tous les concerts\u00a0: 100\u00a0euros. Pass festival (deux Z\u00e9nith) et tous les concerts\u00a0: 130\u00a0euros. Pass Usine (tous les concerts)\u00a0: 16\u00a0euros. Contact\u00a0: 04.77.20.04.86.<\/p>\n<p class=\"insetTitle\">La programmation<\/p>\n<p>\u25b6 Lundi 19\u00a0mai. \u00c0 18\u00a0h\u00a030 \u00e0 L\u2019Usine\u00a0: Sam Sauvage et Ad\u00e8le &amp; Robin. \u00c0 20\u00a0h\u00a030 \u00e0 La Com\u00e8te\u00a0: Jeanne Cherhal.<\/p>\n<p>\u25b6 Mardi 20\u00a0mai. \u00c0 18\u00a0h\u00a030 \u00e0 l\u2019Usine\u00a0: Georges Ka et Lubiana. \u00c0 20\u00a0h\u00a030 \u00e0 La Com\u00e8te\u00a0: Victor Solf et Pierre Lapointe.<\/p>\n<p>\u25b6 Mercredi 21\u00a0mai. \u00c0 18\u00a0h\u00a030 \u00e0 l\u2019Usine\u00a0: Whisper et Saint Graal. \u00c0 20\u00a0h\u00a030 \u00e0 La Com\u00e8te\u00a0: Sylvain Duthu et Clou.<\/p>\n<p>\u25b6 Jeudi 22\u00a0mai. \u00c0 18\u00a0h\u00a030 \u00e0 L\u2019Usine\u00a0: Asfar Shamsi et L\u00e9man. \u00c0 20\u00a0h\u00a030 \u00e0 La Com\u00e8te\u00a0: Thomas Fersen et Lisa Pariente. Dans les bars du centre-ville, concerts Paroles de Zinc (gratuit) et restitution des ateliers Paroles de Femmes \u00e0 l\u2019Amicale la\u00efque du Cr\u00eat-de-Roch.<\/p>\n<p>\u25b6 Vendredi 23\u00a0mai. Sur le campus Trefilerie\u00a0: Jveuhair. \u00c0 19\u00a0h au Z\u00e9nith\u00a0: Emma Peters, J\u00e9r\u00e9my Frerot et Hoshi.<\/p>\n<p>\u25b6 Samedi 24\u00a0mai. \u00c0 18\u00a0h au Z\u00e9nith\u00a0: Les Ogres de Barback &amp; La Rue K\u00e9tanou, les M\u00e9canos, L.E.J et Alkabaya.<\/p>\n<p>\u25b6 Samedi 24\u00a0mai. \u00c0 20\u00a0h\u00a030 au Fil\u00a0: Th\u00e9a, Bagarre et DeserTGirlz.<\/p>\n<p class=\"insetTitle\">Paroles de Zinc\u00a0: le jeudi, c\u2019est en ville et c\u2019est gratuit<\/p>\n<p>Le festival Off de Paroles et Musiques, nomm\u00e9 Paroles de Zinc, s\u2019invite dans de nombreux lieux de la ville, le jeudi 22\u00a0mai \u00e0 partir de 18\u00a0h\u00a030. <\/p>\n<p>L\u2019occasion de d\u00e9couvrir Paroles de femmes \u00e0 La Cale\u00a0; Victor Lee Gabriel au Dame D4\u00a0; Bonneville au Smoking Dog\u00a0; C\u00a0! el et La Propri\u00e9t\u00e9 aux 2 cagettes\u00a0; Edy6 au D\u00e9lirium caf\u00e9\u00a0; Menace p\u00e2te \u00e0 modeler au Soggy Bottom\u00a0; Gros monsieur au Club Spirit\u00a0; Saintecolombe au Lobster club\u00a0; Polnor \u00e0 La Bodega.<\/p>\n","protected":false},"excerpt":{"rendered":"Une fois par an, depuis 1992, Saint-\u00c9tienne vit au rythme de Paroles et Musiques. Pour sa 34e \u00e9dition,&hellip;\n","protected":false},"author":2,"featured_media":107004,"comment_status":"","ping_status":"","sticky":false,"template":"","format":"standard","meta":{"footnotes":""},"categories":[9653],"tags":[1111,11,2430,1687,7539,1777,674,107,1011,27,3367,873,12,25,4001,7538,3140],"class_list":{"0":"post-107003","1":"post","2":"type-post","3":"status-publish","4":"format-standard","5":"has-post-thumbnail","7":"category-saint-etienne","8":"tag-actu","9":"tag-actualites","10":"tag-auvergne-rhone-alpes","11":"tag-culture-loisirs","12":"tag-edition-loire-sud","13":"tag-eu","14":"tag-europe","15":"tag-fil-info","16":"tag-fr","17":"tag-france","18":"tag-loire","19":"tag-musique","20":"tag-news","21":"tag-republique-francaise","22":"tag-saint-etienne","23":"tag-saint-etienne-ville","24":"tag-spectacle"},"share_on_mastodon":{"url":"https:\/\/pubeurope.com\/@fr\/114523299055384402","error":""},"_links":{"self":[{"href":"https:\/\/www.europesays.com\/fr\/wp-json\/wp\/v2\/posts\/107003","targetHints":{"allow":["GET"]}}],"collection":[{"href":"https:\/\/www.europesays.com\/fr\/wp-json\/wp\/v2\/posts"}],"about":[{"href":"https:\/\/www.europesays.com\/fr\/wp-json\/wp\/v2\/types\/post"}],"author":[{"embeddable":true,"href":"https:\/\/www.europesays.com\/fr\/wp-json\/wp\/v2\/users\/2"}],"replies":[{"embeddable":true,"href":"https:\/\/www.europesays.com\/fr\/wp-json\/wp\/v2\/comments?post=107003"}],"version-history":[{"count":0,"href":"https:\/\/www.europesays.com\/fr\/wp-json\/wp\/v2\/posts\/107003\/revisions"}],"wp:featuredmedia":[{"embeddable":true,"href":"https:\/\/www.europesays.com\/fr\/wp-json\/wp\/v2\/media\/107004"}],"wp:attachment":[{"href":"https:\/\/www.europesays.com\/fr\/wp-json\/wp\/v2\/media?parent=107003"}],"wp:term":[{"taxonomy":"category","embeddable":true,"href":"https:\/\/www.europesays.com\/fr\/wp-json\/wp\/v2\/categories?post=107003"},{"taxonomy":"post_tag","embeddable":true,"href":"https:\/\/www.europesays.com\/fr\/wp-json\/wp\/v2\/tags?post=107003"}],"curies":[{"name":"wp","href":"https:\/\/api.w.org\/{rel}","templated":true}]}}