{"id":107007,"date":"2025-05-17T13:01:16","date_gmt":"2025-05-17T13:01:16","guid":{"rendered":"https:\/\/www.europesays.com\/fr\/107007\/"},"modified":"2025-05-17T13:01:16","modified_gmt":"2025-05-17T13:01:16","slug":"meurthe-et-moselle-un-gendarme-percute-par-un-motard-qui-faisait-un-rodeo-solitaire-devant-la-mairie","status":"publish","type":"post","link":"https:\/\/www.europesays.com\/fr\/107007\/","title":{"rendered":"Meurthe-et-Moselle. Un gendarme percut\u00e9 par un motard qui faisait un rod\u00e9o solitaire devant la mairie"},"content":{"rendered":"<p>Un gendarme de 24 ans a \u00e9t\u00e9 bless\u00e9 apr\u00e8s avoir \u00e9t\u00e9 \u00ab percut\u00e9 volontairement \u00bb par un motard, vendredi soir, pr\u00e8s de Nancy. Souffrant de \u00ab fractures assez importantes \u00bb \u00e0 la jambe, la victime a \u00e9t\u00e9 op\u00e9r\u00e9e pendant la nuit \u00e0 l&rsquo;h\u00f4pital de Nancy, a indiqu\u00e9 \u00e0 l&rsquo;AFP l&rsquo;officier de permanence de la gendarmerie.<\/p>\n<p>L&rsquo;incident s&rsquo;est produit lorsque le jeune gendarme a fait signe au motard de s&rsquo;arr\u00eater, vendredi vers 21h30 \u00e0 Neuves-Maisons, une commune de 6 500 habitants situ\u00e9e au sud de Nancy.<\/p>\n<p>Ce contenu est bloqu\u00e9 car vous n&rsquo;avez pas accept\u00e9 les cookies et autres traceurs.<\/p>\n<p>En cliquant sur \u00ab J\u2019accepte \u00bb, les cookies et autres traceurs seront d\u00e9pos\u00e9s et vous pourrez visualiser les contenus  (<a href=\"\" class=\"consentModule_policy\" target=\"_blank\" title=\"Consulter la politique de protection des donn\u00e9es du fournisseur\">plus d&rsquo;informations<\/a>).<\/p>\n<p>En cliquant sur \u00ab J\u2019accepte tous les cookies \u00bb, vous autorisez des d\u00e9p\u00f4ts de cookies et autres traceurs pour le stockage de vos donn\u00e9es sur nos sites et applications \u00e0 des fins de personnalisation et de ciblage publicitaire.<\/p>\n<p class=\"consentModule_secondaryText\">Vous gardez la possibilit\u00e9 de retirer votre consentement \u00e0 tout moment en consultant notre <a href=\"https:\/\/www.estrepublicain.fr\/protection-des-donnees\" target=\"_blank\" title=\"Consulter notre politique de protection des donn\u00e9es\" rel=\"noopener\">politique de protection des donn\u00e9es<\/a>. <br \/>&#13;<br \/>\n            <a href=\"https:\/\/www.estrepublicain.fr\/faits-divers-justice\/2025\/05\/17\/javascript:Didomi.notice.show()\" class=\"consentModule_cmp\" target=\"_blank\" rel=\"noopener\">G\u00e9rer mes choix<\/a>&#13;\n        <\/p>\n<p>&#13;<br \/>\n                        J&rsquo;accepte&#13;<br \/>\n            J&rsquo;accepte tous les cookies&#13;\n        <\/p>\n<p>  \u00ab Identifi\u00e9 et activement recherch\u00e9 \u00bb<\/p>\n<p>Dans un premier temps, l&rsquo;officier de permanence a indiqu\u00e9 \u00e0 nos coll\u00e8gues de l&rsquo;AFP que le deux-roues participait \u00e0 un \u00ab\u00a0rod\u00e9o urbain\u00a0\u00bb, ce qui sous-entendait qu&rsquo;il \u00e9tait avec d&rsquo;autres motos. Mais selon le maire de Neuves-Maisons, il \u00ab faisait l&rsquo;imb\u00e9cile, seul, devant la mairie\u00a0\u00bb.<\/p>\n<p>Rep\u00e9r\u00e9 par une patrouille des gendarmes,\u00a0 il n&rsquo;aurait \u00ab pas voulu \u00eatre contr\u00f4l\u00e9 et a fonc\u00e9\u00a0\u00bb sur l&rsquo;un d&rsquo;entre eux, explique le maire.Le conducteur du deux-roues est ensuite \u00ab tomb\u00e9 et a laiss\u00e9 sa moto sur place \u00bb, poursuit l&rsquo;\u00e9lu qui s&rsquo;est rendu ce samedi matin \u00e0 la gendarmerie.<\/p>\n<p>\u00ab Il est choqu\u00e9 mais ses jours ne sont pas en danger \u00bb<\/p>\n<p>Selon le premier magistrat de Neuves-Maisons, le motard \u00ab est identifi\u00e9\u00a0\u00bb et activement recherch\u00e9 par les gendarmes.<\/p>\n<p>Le premier magistrat de Neuves-Maisons a \u00e9galement obtenu \u00ab\u00a0des nouvelles rassurantes\u00a0\u00bb du jeune gendarme qui a \u00e9t\u00e9 percut\u00e9 et\u00a0 qui souffre d&rsquo;une fracture ouverte du tibia. \u00ab\u00a0 Il a \u00e9t\u00e9 op\u00e9r\u00e9 et est en chambre. Il est tr\u00e8s choqu\u00e9 par ce qu&rsquo;il a v\u00e9cu\u00a0\u00bb, pr\u00e9cise le maire.<\/p>\n<p>\u00ab Il est choqu\u00e9 mais ses jours ne sont pas en danger. Il s&rsquo;en tire bien. Son \u00e9tat est stable\u00a0\u00bb, confirme le commandant Bordenave, patron de la compagnie de gendarmerie de Nancy.<\/p>\n","protected":false},"excerpt":{"rendered":"Un gendarme de 24 ans a \u00e9t\u00e9 bless\u00e9 apr\u00e8s avoir \u00e9t\u00e9 \u00ab percut\u00e9 volontairement \u00bb par un motard,&hellip;\n","protected":false},"author":2,"featured_media":106597,"comment_status":"","ping_status":"","sticky":false,"template":"","format":"standard","meta":{"footnotes":""},"categories":[9635],"tags":[1111,11,271,272,1704,1705,1777,674,274,107,1011,27,329,775,3457,1702,9847,12,3456,25,104],"class_list":{"0":"post-107007","1":"post","2":"type-post","3":"status-publish","4":"format-standard","5":"has-post-thumbnail","7":"category-nancy","8":"tag-actu","9":"tag-actualites","10":"tag-crime","11":"tag-delit-et-contravention","12":"tag-edition-nancy-et-agglomeration","13":"tag-edition-toul","14":"tag-eu","15":"tag-europe","16":"tag-faits-divers-justice","17":"tag-fil-info","18":"tag-fr","19":"tag-france","20":"tag-france-monde","21":"tag-grand-est","22":"tag-meurthe-et-moselle","23":"tag-nancy","24":"tag-neuves-maisons","25":"tag-news","26":"tag-region-lorraine","27":"tag-republique-francaise","28":"tag-societe"},"share_on_mastodon":{"url":"https:\/\/pubeurope.com\/@fr\/114523307133939102","error":""},"_links":{"self":[{"href":"https:\/\/www.europesays.com\/fr\/wp-json\/wp\/v2\/posts\/107007","targetHints":{"allow":["GET"]}}],"collection":[{"href":"https:\/\/www.europesays.com\/fr\/wp-json\/wp\/v2\/posts"}],"about":[{"href":"https:\/\/www.europesays.com\/fr\/wp-json\/wp\/v2\/types\/post"}],"author":[{"embeddable":true,"href":"https:\/\/www.europesays.com\/fr\/wp-json\/wp\/v2\/users\/2"}],"replies":[{"embeddable":true,"href":"https:\/\/www.europesays.com\/fr\/wp-json\/wp\/v2\/comments?post=107007"}],"version-history":[{"count":0,"href":"https:\/\/www.europesays.com\/fr\/wp-json\/wp\/v2\/posts\/107007\/revisions"}],"wp:featuredmedia":[{"embeddable":true,"href":"https:\/\/www.europesays.com\/fr\/wp-json\/wp\/v2\/media\/106597"}],"wp:attachment":[{"href":"https:\/\/www.europesays.com\/fr\/wp-json\/wp\/v2\/media?parent=107007"}],"wp:term":[{"taxonomy":"category","embeddable":true,"href":"https:\/\/www.europesays.com\/fr\/wp-json\/wp\/v2\/categories?post=107007"},{"taxonomy":"post_tag","embeddable":true,"href":"https:\/\/www.europesays.com\/fr\/wp-json\/wp\/v2\/tags?post=107007"}],"curies":[{"name":"wp","href":"https:\/\/api.w.org\/{rel}","templated":true}]}}