{"id":107012,"date":"2025-05-17T13:05:08","date_gmt":"2025-05-17T13:05:08","guid":{"rendered":"https:\/\/www.europesays.com\/fr\/107012\/"},"modified":"2025-05-17T13:05:08","modified_gmt":"2025-05-17T13:05:08","slug":"delis-corner-ladresse-qui-redonne-ses-lettres-de-noblesse-au-sandwich","status":"publish","type":"post","link":"https:\/\/www.europesays.com\/fr\/107012\/","title":{"rendered":"Deli\u2019s Corner, l\u2019adresse qui redonne ses lettres de noblesse au sandwich"},"content":{"rendered":"<p>            Par<br \/>\n        <strong><br \/>\n            <a href=\"https:\/\/actu.fr\/auteur\/lea-pippinato\" title=\"Consulter tous les articles de L\u00e9a Pippinato\" rel=\"nofollow noopener\" target=\"_blank\">L\u00e9a Pippinato<\/a><br \/>\n        <\/strong><\/p>\n<p>        Publi\u00e9 le<\/p>\n<p>            17 mai 2025 \u00e0 12h58        <\/p>\n<p><strong>Le Deli\u2019s Corner<\/strong> n\u2019a pas toujours senti la brioche chaude et le cheddar fondu. Avant, le lieu abritait une agence immobili\u00e8re classique. Un groupe d\u2019amis d\u00e9cide un jour de s\u2019associer pour cr\u00e9er un <strong>lieu de restauration<\/strong>. Le projet initial s\u2019oriente vers un bar \u00e0 bi\u00e8re. L\u2019id\u00e9e s\u00e9duit. Mais en 2023, <a href=\"https:\/\/www.herault.gouv.fr\/Demarches\/Professions-reglementees\/Debits-de-boissons\/Reglementation-des-debits-de-boissons\" rel=\"nofollow noopener\" target=\"_blank\">un d\u00e9cret pr\u00e9fectoral<\/a> interdit l\u2019ouverture de nouvelles licences 4 \u00e0 moins de 100 m\u00e8tres d\u2019un autre d\u00e9bit de boissons. Un bar voisin fait obstacle et le projet s\u2019arr\u00eate net.<\/p>\n<p>    <a href=\"https:\/\/www.google.com\/maps\/embed?pb=!1m18!1m12!1m3!1d23106.53565652367!2d3.8731775999999996!3d43.620761599999994!2m3!1f0!2f0!3f0!3m2!1i1024!2i768!4f13.1!3m3!1m2!1s0x12b6af54ce0156fd%3A0xe23fcc2ec454f09b!2sDeli%27s%20Corner!5e0!3m2!1sen!2sfr!4v1746097923971!5m2!1sen!2sfr\" title=\"Ouvrie le lien\" rel=\"nofollow noopener\" target=\"_blank\">Cliquez ici pour visualiser le contenu<\/a><\/p>\n<p class=\" wall-content\">Un des associ\u00e9s part \u00e0 New York et y d\u00e9couvre la street food locale. Sandwichs d\u00e9bordants, recettes g\u00e9n\u00e9reuses, cuisine simple mais ma\u00eetris\u00e9e. \u00c0 son retour, il partage ses trouvailles. Le groupe abandonne l\u2019id\u00e9e du bar. L\u2019inspiration devient claire : New York, mais \u00e0 Montpellier. La carte se construit autour d\u2019un produit unique : le sandwich.\u00a0<\/p>\n<p class=\" wall-content\"><strong>D\u00e9couvrez la vid\u00e9o \u00ab\u00a0M\u00e9tro\u2019Walk \u2013 Deli\u2019s Corner\u00a0\u00bb sur notre <a href=\"https:\/\/www.instagram.com\/metropolitainfr\/\" rel=\"nofollow noopener\" target=\"_blank\">Instagram<\/a> :\u00a0<\/strong><\/p>\n<p class=\" wall-content\"><a href=\"https:\/\/www.instagram.com\/p\/DJq45EcMD5C\/embed\" title=\"Ouvrir le lien sur Instagram\" rel=\"nofollow noopener\" target=\"_blank\">Visualiser le contenu sur Instagram<\/a><\/p>\n<p>Une carte g\u00e9n\u00e9reuse<\/p>\n<p class=\" wall-content\">Le sandwich C\u00e9sar s\u2019impose rapidement. Poulet pan\u00e9 au panko, \u0153uf mollet, bacon croustillant, parmesan, salade croquante, mayonnaise aux herbes. Une version gourmande d\u2019un classique revisit\u00e9. D\u2019autres recettes suivent : pastrami, pulled pork, grilled cheese, hot-dog, tuna toast\u00e9. Chaque sandwich a son public. Les desserts ne sont pas oubli\u00e9s. Tous faits maison, ils compl\u00e8tent le repas sans fausse note. Cookies, banana bread, fondant au chocolat, cheesecake, brioche au caramel.<\/p>\n<p class=\" wall-content\"><a href=\"https:\/\/www.instagram.com\/p\/C9FmjhTNUZi\/embed\" title=\"Ouvrir le lien sur Instagram\" rel=\"nofollow noopener\" target=\"_blank\">Visualiser le contenu sur Instagram<\/a><\/p>\n<p class=\" wall-content\">L\u2019hiver dernier, les fondateurs notent un ralentissement. Le sandwich attire moins le soir. Pour relancer la dynamique, une carte du soir appara\u00eet. Elle propose des tapas \u00e0 partager, des assiettes chaudes, des petites portions \u00e0 picorer. Le sandwich reste pr\u00e9sent, mais s\u2019efface un peu dans cette nouvelle ambiance. Certains clients aiment l\u2019endroit mais cherchent plus de l\u00e9g\u00e8ret\u00e9. L\u2019\u00e9quipe ajoute deux salades repas. La premi\u00e8re reprend la recette du C\u00e9sar, la seconde propose une version v\u00e9g\u00e9tarienne. L\u2019objectif reste le m\u00eame : offrir des recettes coh\u00e9rentes avec l\u2019identit\u00e9 du lieu, tout en \u00e9largissant les possibilit\u00e9s. Pour garder l\u2019int\u00e9r\u00eat, l\u2019\u00e9quipe propose aussi une formule du moment. Un sandwich in\u00e9dit, disponible pendant deux semaines. Une mani\u00e8re d\u2019exp\u00e9rimenter sans bouleverser la carte.<\/p>\n<p>Vid\u00e9os : en ce moment sur Actu<\/p>\n<p class=\" wall-content\">Suivez toute l\u2019actualit\u00e9 de vos villes et m\u00e9dias favoris en vous inscrivant \u00e0 <a href=\"https:\/\/moncompte.actu.fr\" title=\"D\u00e9couvez Mon Actu\" rel=\"nofollow noopener\" data-trk=\"{&quot;cta&quot;:{&quot;action&quot;:&quot;https:\\\/\\\/moncompte.actu.fr&quot;,&quot;category&quot;:&quot;mon compte&quot;,&quot;from&quot;:&quot;article footer&quot;,&quot;name&quot;:&quot;Mon actu&quot;,&quot;type&quot;:&quot;cta&quot;}}\" target=\"_blank\">Mon Actu<\/a>.<\/p>\n<p>                    <script async src=\"\/\/www.instagram.com\/embed.js\"><\/script><\/p>\n","protected":false},"excerpt":{"rendered":"Par L\u00e9a Pippinato Publi\u00e9 le 17 mai 2025 \u00e0 12h58 Le Deli\u2019s Corner n\u2019a pas toujours senti la&hellip;\n","protected":false},"author":2,"featured_media":107013,"comment_status":"","ping_status":"","sticky":false,"template":"","format":"standard","meta":{"footnotes":""},"categories":[9599],"tags":[1111,11,258,902,1777,674,1011,27,1305,2208,12,2680,25],"class_list":{"0":"post-107012","1":"post","2":"type-post","3":"status-publish","4":"format-standard","5":"has-post-thumbnail","7":"category-montpellier","8":"tag-actu","9":"tag-actualites","10":"tag-alimentation","11":"tag-cuisine","12":"tag-eu","13":"tag-europe","14":"tag-fr","15":"tag-france","16":"tag-lifestyle","17":"tag-montpellier","18":"tag-news","19":"tag-occitanie","20":"tag-republique-francaise"},"share_on_mastodon":{"url":"https:\/\/pubeurope.com\/@fr\/114523322645043624","error":""},"_links":{"self":[{"href":"https:\/\/www.europesays.com\/fr\/wp-json\/wp\/v2\/posts\/107012","targetHints":{"allow":["GET"]}}],"collection":[{"href":"https:\/\/www.europesays.com\/fr\/wp-json\/wp\/v2\/posts"}],"about":[{"href":"https:\/\/www.europesays.com\/fr\/wp-json\/wp\/v2\/types\/post"}],"author":[{"embeddable":true,"href":"https:\/\/www.europesays.com\/fr\/wp-json\/wp\/v2\/users\/2"}],"replies":[{"embeddable":true,"href":"https:\/\/www.europesays.com\/fr\/wp-json\/wp\/v2\/comments?post=107012"}],"version-history":[{"count":0,"href":"https:\/\/www.europesays.com\/fr\/wp-json\/wp\/v2\/posts\/107012\/revisions"}],"wp:featuredmedia":[{"embeddable":true,"href":"https:\/\/www.europesays.com\/fr\/wp-json\/wp\/v2\/media\/107013"}],"wp:attachment":[{"href":"https:\/\/www.europesays.com\/fr\/wp-json\/wp\/v2\/media?parent=107012"}],"wp:term":[{"taxonomy":"category","embeddable":true,"href":"https:\/\/www.europesays.com\/fr\/wp-json\/wp\/v2\/categories?post=107012"},{"taxonomy":"post_tag","embeddable":true,"href":"https:\/\/www.europesays.com\/fr\/wp-json\/wp\/v2\/tags?post=107012"}],"curies":[{"name":"wp","href":"https:\/\/api.w.org\/{rel}","templated":true}]}}