{"id":107016,"date":"2025-05-17T13:07:08","date_gmt":"2025-05-17T13:07:08","guid":{"rendered":"https:\/\/www.europesays.com\/fr\/107016\/"},"modified":"2025-05-17T13:07:08","modified_gmt":"2025-05-17T13:07:08","slug":"rouen-des-elus-denoncent-le-cout-exorbitant-dun-projet-de-spectacle-de-thomas-jolly-pour-le-14-juillet","status":"publish","type":"post","link":"https:\/\/www.europesays.com\/fr\/107016\/","title":{"rendered":"Rouen : des \u00e9lus d\u00e9noncent le co\u00fbt exorbitant d&rsquo;un projet de spectacle de Thomas Jolly pour le 14-Juillet"},"content":{"rendered":"<p>\tRouen : des \u00e9lus d\u00e9noncent le co\u00fbt exorbitant d&rsquo;un projet de spectacle de Thomas Jolly pour le 14-Juillet &#8211; Valeurs actuelles<\/p>\n<p><a href=\"https:\/\/www.valeursactuelles.com\/\" target=\"_blank\" rel=\"noopener\">Accueil<\/a> \u00bb <a href=\"https:\/\/www.valeursactuelles.com\/societe\" target=\"_blank\" rel=\"noopener\">Soci\u00e9t\u00e9<\/a> \u00bb Rouen : des \u00e9lus d\u00e9noncent le co\u00fbt exorbitant d\u2019un projet de spectacle de Thomas Jolly pour le 14-Juillet<\/p>\n","protected":false},"excerpt":{"rendered":"Rouen : des \u00e9lus d\u00e9noncent le co\u00fbt exorbitant d&rsquo;un projet de spectacle de Thomas Jolly pour le 14-Juillet&hellip;\n","protected":false},"author":2,"featured_media":107017,"comment_status":"","ping_status":"","sticky":false,"template":"","format":"standard","meta":{"footnotes":""},"categories":[9587],"tags":[10915,1111,11,1003,1777,674,1011,27,3996,12,5161,25,9590,3140],"class_list":{"0":"post-107016","1":"post","2":"type-post","3":"status-publish","4":"format-standard","5":"has-post-thumbnail","7":"category-rouen","8":"tag-14-juillet","9":"tag-actu","10":"tag-actualites","11":"tag-budget","12":"tag-eu","13":"tag-europe","14":"tag-fr","15":"tag-france","16":"tag-jeux-olympiques","17":"tag-news","18":"tag-normandie","19":"tag-republique-francaise","20":"tag-rouen","21":"tag-spectacle"},"share_on_mastodon":{"url":"https:\/\/pubeurope.com\/@fr\/114523330499151486","error":""},"_links":{"self":[{"href":"https:\/\/www.europesays.com\/fr\/wp-json\/wp\/v2\/posts\/107016","targetHints":{"allow":["GET"]}}],"collection":[{"href":"https:\/\/www.europesays.com\/fr\/wp-json\/wp\/v2\/posts"}],"about":[{"href":"https:\/\/www.europesays.com\/fr\/wp-json\/wp\/v2\/types\/post"}],"author":[{"embeddable":true,"href":"https:\/\/www.europesays.com\/fr\/wp-json\/wp\/v2\/users\/2"}],"replies":[{"embeddable":true,"href":"https:\/\/www.europesays.com\/fr\/wp-json\/wp\/v2\/comments?post=107016"}],"version-history":[{"count":0,"href":"https:\/\/www.europesays.com\/fr\/wp-json\/wp\/v2\/posts\/107016\/revisions"}],"wp:featuredmedia":[{"embeddable":true,"href":"https:\/\/www.europesays.com\/fr\/wp-json\/wp\/v2\/media\/107017"}],"wp:attachment":[{"href":"https:\/\/www.europesays.com\/fr\/wp-json\/wp\/v2\/media?parent=107016"}],"wp:term":[{"taxonomy":"category","embeddable":true,"href":"https:\/\/www.europesays.com\/fr\/wp-json\/wp\/v2\/categories?post=107016"},{"taxonomy":"post_tag","embeddable":true,"href":"https:\/\/www.europesays.com\/fr\/wp-json\/wp\/v2\/tags?post=107016"}],"curies":[{"name":"wp","href":"https:\/\/api.w.org\/{rel}","templated":true}]}}