{"id":107018,"date":"2025-05-17T13:10:11","date_gmt":"2025-05-17T13:10:11","guid":{"rendered":"https:\/\/www.europesays.com\/fr\/107018\/"},"modified":"2025-05-17T13:10:11","modified_gmt":"2025-05-17T13:10:11","slug":"isere-en-deplacement-a-grenoble-olivier-faure-denonce-la-precarite-etudiante","status":"publish","type":"post","link":"https:\/\/www.europesays.com\/fr\/107018\/","title":{"rendered":"Is\u00e8re. En d\u00e9placement \u00e0 Grenoble, Olivier Faure d\u00e9nonce la pr\u00e9carit\u00e9 \u00e9tudiante"},"content":{"rendered":"<p><a href=\"https:\/\/www.ledauphine.com\/p\/olivier-faure\" target=\"_blank\" rel=\"noopener\">Olivier Faure<\/a> \u00e9tait ce vendredi 16\u00a0mai \u00e0 Grenoble. Le premier secr\u00e9taire du PS s\u2019est rendu \u00e0 <a href=\"https:\/\/www.ledauphine.com\/societe\/2024\/11\/06\/isere-grenoble-l-epicerie-solidaire-qui-veut-lutter-contre-la-precarite-alimentaire-des-etudiants\" target=\"_blank\" rel=\"noopener\">l\u2019\u00e9picerie solidaire \u00e9tudiante Le Rayon<\/a>, au centre-ville (11, rue Guetal). En pleine campagne pour sa r\u00e9\u00e9lection \u00e0 la t\u00eate du parti, il a rappel\u00e9 les solutions propos\u00e9es par le PS telles que l\u2019allocation d\u2019\u00e9tude pour tous ou les repas \u00e0 1\u00a0euro. \u00ab\u00a0C\u2019est quand m\u00eame malheureux de voir, dans un pays comme la France, des files devant ces sites alimentaires. \u00c7a prouve qu\u2019il reste des efforts \u00e0 faire pour les \u00e9tudiants.\u00a0\u00bb<\/p>\n<p>Il a aussi rappel\u00e9 le r\u00f4le des structures b\u00e9n\u00e9voles qui compl\u00e8tent les aides faites aux \u00e9tudiants. \u00ab\u00a0Quand on a le ventre vide, ce n\u2019est pas possible d\u2019\u00e9tudier. Ce sont les \u00e9tudiants qui, demain, seront notre ressource. C\u2019est un gaspillage humain quand on n\u2019est pas capable d\u2019assurer le minimum\u00a0\u00bb, conclut-il.<\/p>\n","protected":false},"excerpt":{"rendered":"Olivier Faure \u00e9tait ce vendredi 16\u00a0mai \u00e0 Grenoble. Le premier secr\u00e9taire du PS s\u2019est rendu \u00e0 l\u2019\u00e9picerie solidaire&hellip;\n","protected":false},"author":2,"featured_media":107019,"comment_status":"","ping_status":"","sticky":false,"template":"","format":"standard","meta":{"footnotes":""},"categories":[9566],"tags":[1111,11,2430,112,4854,1777,674,1011,27,2731,2732,108,12,3541,316,25,801],"class_list":{"0":"post-107018","1":"post","2":"type-post","3":"status-publish","4":"format-standard","5":"has-post-thumbnail","7":"category-grenoble","8":"tag-actu","9":"tag-actualites","10":"tag-auvergne-rhone-alpes","11":"tag-edition-grenoble-agglomeration","12":"tag-enseignement-superieur","13":"tag-eu","14":"tag-europe","15":"tag-fr","16":"tag-france","17":"tag-grenoble","18":"tag-grenoble-bassin","19":"tag-isere","20":"tag-news","21":"tag-parti-socialiste","22":"tag-politique","23":"tag-republique-francaise","24":"tag-social"},"share_on_mastodon":{"url":"https:\/\/pubeurope.com\/@fr\/114523342295356065","error":""},"_links":{"self":[{"href":"https:\/\/www.europesays.com\/fr\/wp-json\/wp\/v2\/posts\/107018","targetHints":{"allow":["GET"]}}],"collection":[{"href":"https:\/\/www.europesays.com\/fr\/wp-json\/wp\/v2\/posts"}],"about":[{"href":"https:\/\/www.europesays.com\/fr\/wp-json\/wp\/v2\/types\/post"}],"author":[{"embeddable":true,"href":"https:\/\/www.europesays.com\/fr\/wp-json\/wp\/v2\/users\/2"}],"replies":[{"embeddable":true,"href":"https:\/\/www.europesays.com\/fr\/wp-json\/wp\/v2\/comments?post=107018"}],"version-history":[{"count":0,"href":"https:\/\/www.europesays.com\/fr\/wp-json\/wp\/v2\/posts\/107018\/revisions"}],"wp:featuredmedia":[{"embeddable":true,"href":"https:\/\/www.europesays.com\/fr\/wp-json\/wp\/v2\/media\/107019"}],"wp:attachment":[{"href":"https:\/\/www.europesays.com\/fr\/wp-json\/wp\/v2\/media?parent=107018"}],"wp:term":[{"taxonomy":"category","embeddable":true,"href":"https:\/\/www.europesays.com\/fr\/wp-json\/wp\/v2\/categories?post=107018"},{"taxonomy":"post_tag","embeddable":true,"href":"https:\/\/www.europesays.com\/fr\/wp-json\/wp\/v2\/tags?post=107018"}],"curies":[{"name":"wp","href":"https:\/\/api.w.org\/{rel}","templated":true}]}}