{"id":107020,"date":"2025-05-17T13:11:09","date_gmt":"2025-05-17T13:11:09","guid":{"rendered":"https:\/\/www.europesays.com\/fr\/107020\/"},"modified":"2025-05-17T13:11:09","modified_gmt":"2025-05-17T13:11:09","slug":"grenoble-le-bonheur-est-une-bete-sauvage-en-avant-premiere-le-21-mai-au-cinema-pathe","status":"publish","type":"post","link":"https:\/\/www.europesays.com\/fr\/107020\/","title":{"rendered":"Grenoble. \u00ab\u00a0Le Bonheur est une b\u00eate sauvage\u00a0\u00bb, en avant-premi\u00e8re le 21\u00a0mai au cin\u00e9ma Path\u00e9"},"content":{"rendered":"<p>Le nouveau film de Bertrand Guerry, Le Bonheur est une b\u00eate sauvage, sortira en avant-premi\u00e8re ce mercredi 21\u00a0mai \u00e0 20\u00a0h au Path\u00e9 Grenoble, \u00e0 Chavant, en pr\u00e9sence du r\u00e9alisateur.<\/p>\n<p>Le long-m\u00e9trage raconte l\u2019histoire de Jeanne (Sophie Davout), une quinquag\u00e9naire habitant sur l\u2019\u00eele d\u2019Yeu, qui ne se remet pas de la mort de son mari lors d\u2019un naufrage. Tom (Sacha Guerry), son neveu de 19 ans, lui annonce sa d\u00e9cision de quitter l\u2019\u00eele pour aller \u00e0 Paris. Le soir m\u00eame, un ours est aper\u00e7u dans les alentours et les habitants partent \u00e0 sa recherche.<\/p>\n<p>Le film sortira en salle le 2\u00a0juillet 2025.<\/p>\n","protected":false},"excerpt":{"rendered":"Le nouveau film de Bertrand Guerry, Le Bonheur est une b\u00eate sauvage, sortira en avant-premi\u00e8re ce mercredi 21\u00a0mai&hellip;\n","protected":false},"author":2,"featured_media":107021,"comment_status":"","ping_status":"","sticky":false,"template":"","format":"standard","meta":{"footnotes":""},"categories":[9566],"tags":[1111,11,2430,650,1687,112,1777,674,1011,27,2731,2732,12,25],"class_list":{"0":"post-107020","1":"post","2":"type-post","3":"status-publish","4":"format-standard","5":"has-post-thumbnail","7":"category-grenoble","8":"tag-actu","9":"tag-actualites","10":"tag-auvergne-rhone-alpes","11":"tag-cinema","12":"tag-culture-loisirs","13":"tag-edition-grenoble-agglomeration","14":"tag-eu","15":"tag-europe","16":"tag-fr","17":"tag-france","18":"tag-grenoble","19":"tag-grenoble-bassin","20":"tag-news","21":"tag-republique-francaise"},"share_on_mastodon":{"url":"https:\/\/pubeurope.com\/@fr\/114523346292926355","error":""},"_links":{"self":[{"href":"https:\/\/www.europesays.com\/fr\/wp-json\/wp\/v2\/posts\/107020","targetHints":{"allow":["GET"]}}],"collection":[{"href":"https:\/\/www.europesays.com\/fr\/wp-json\/wp\/v2\/posts"}],"about":[{"href":"https:\/\/www.europesays.com\/fr\/wp-json\/wp\/v2\/types\/post"}],"author":[{"embeddable":true,"href":"https:\/\/www.europesays.com\/fr\/wp-json\/wp\/v2\/users\/2"}],"replies":[{"embeddable":true,"href":"https:\/\/www.europesays.com\/fr\/wp-json\/wp\/v2\/comments?post=107020"}],"version-history":[{"count":0,"href":"https:\/\/www.europesays.com\/fr\/wp-json\/wp\/v2\/posts\/107020\/revisions"}],"wp:featuredmedia":[{"embeddable":true,"href":"https:\/\/www.europesays.com\/fr\/wp-json\/wp\/v2\/media\/107021"}],"wp:attachment":[{"href":"https:\/\/www.europesays.com\/fr\/wp-json\/wp\/v2\/media?parent=107020"}],"wp:term":[{"taxonomy":"category","embeddable":true,"href":"https:\/\/www.europesays.com\/fr\/wp-json\/wp\/v2\/categories?post=107020"},{"taxonomy":"post_tag","embeddable":true,"href":"https:\/\/www.europesays.com\/fr\/wp-json\/wp\/v2\/tags?post=107020"}],"curies":[{"name":"wp","href":"https:\/\/api.w.org\/{rel}","templated":true}]}}