{"id":107022,"date":"2025-05-17T13:12:07","date_gmt":"2025-05-17T13:12:07","guid":{"rendered":"https:\/\/www.europesays.com\/fr\/107022\/"},"modified":"2025-05-17T13:12:07","modified_gmt":"2025-05-17T13:12:07","slug":"10-ans-de-prison-requis-en-appel-pour-le-denomme-kosovar","status":"publish","type":"post","link":"https:\/\/www.europesays.com\/fr\/107022\/","title":{"rendered":"10 ans de prison requis en appel pour le d\u00e9nomm\u00e9 \u00ab\u00a0Kosovar\u00a0\u00bb"},"content":{"rendered":"<p>            Par<br \/>\n        <strong><br \/>\n            <a href=\"https:\/\/actu.fr\/auteur\/redaction-rennes\" title=\"Consulter tous les articles de R\u00e9daction Rennes\" rel=\"nofollow noopener\" target=\"_blank\">R\u00e9daction Rennes<\/a><br \/>\n        <\/strong><\/p>\n<p>        Publi\u00e9 le<\/p>\n<p>            17 mai 2025 \u00e0 14h57        <\/p>\n<p>Le parquet g\u00e9n\u00e9ral de la cour d\u2019appel de Rennes a requis ce mercredi 14\u00a0mai 2025 dix ans de prison \u00e0 l\u2019encontre du \u00ab\u2009Kosovar\u2009\u00bb, le protagoniste <a href=\"https:\/\/actu.fr\/bretagne\/rennes_35238\/fusillade-a-rennes-de-nouveaux-tirs-a-maurepas-une-intervention-de-police-en-cours_61789796.html\" rel=\"nofollow noopener\" target=\"_blank\">des fusillades survenues \u00e0 Rennes (Ille-et-Vilaine) entre juillet et novembre\u00a02024<\/a> pour la reprise d\u2019un point de deal.<\/p>\n<p>Sept \u00e9pisodes de r\u00e8glements de comptes<\/p>\n<p class=\" wall-content\">Pour rappel, <strong>huit hommes<\/strong> avaient \u00e9t\u00e9 condamn\u00e9s le <strong>5\u00a0f\u00e9vrier 2025<\/strong> d\u2019un \u00e0 huit ans de prison ferme par le tribunal correctionnel de Rennes, au terme de deux jours de d\u00e9bats tendus, pour leur participation \u00e0 ces <strong>sept \u00e9pisodes de r\u00e8glements de comptes survenus au c\u0153ur du <a href=\"https:\/\/actu.fr\/tag\/maurepas\" rel=\"nofollow noopener\" target=\"_blank\">quartier Maurepas<\/a><\/strong>.<\/p>\n<p class=\" wall-content\">La procureure de la R\u00e9publique <strong>avait alors requis jusqu\u2019\u00e0 13\u00a0ans de prison<\/strong> pour les pr\u00e9venus, \u00e0 l\u2019issue d\u2019un <strong>\u00ab\u2009plaidoyer\u2009\u00bb assum\u00e9 contre l\u2019ins\u00e9curit\u00e9<\/strong> dans les quartiers et \u00ab\u2009la justice laxiste\u2009\u00bb.<\/p>\n<p class=\" wall-content\">Cela avait d\u00e9clench\u00e9 <strong>l\u2019ire des avocats de la d\u00e9fense<\/strong>\u2009: la magistrate du parquet avait, \u00e0 cette occasion, remis en cause la \u00ab\u2009probit\u00e9\u2009\u00bb de deux avocates du dossier, au point que le b\u00e2tonnier avait d\u00fb se d\u00e9placer \u00e0 la Cit\u00e9 judiciaire de Rennes. Les mots de la procureure avaient aussi \u00e9t\u00e9 retranscrits noir sur blanc dans le jugement de premi\u00e8re instance.<\/p>\n<p>Des explications \u00ab\u2009laborieuses\u2009\u00bb<\/p>\n<p class=\" wall-content\">Ce mercredi 14\u00a0mai 2025, <strong>cinq protagonistes<\/strong> de ce dossier ont donc \u00e9t\u00e9 <strong>rejug\u00e9s<\/strong> toute la journ\u00e9e par la cour d\u2019appel de Rennes dans un contexte bien plus \u00ab\u2009serein\u2009\u00bb, comme l\u2019a \u00ab\u2009lou\u00e9\u2009\u00bb Me Gwendoline Tenier. Les d\u00e9bats de premi\u00e8re instance avaient en effet parfois<strong> fris\u00e9 \u00ab\u2009la caricature\u2009\u00bb,<\/strong> selon l\u2019avocate de Juliano X., surnomm\u00e9 \u00ab\u2009le Kosovar\u2009\u00bb.<\/p>\n<p class=\" wall-content\">Son client et plusieurs de ses co-pr\u00e9venus <strong>contestent<\/strong> toujours leur participation aux faits, quitte \u00e0 donner <strong>des explications \u00ab\u2009laborieuses\u2009\u00bb<\/strong> sur la pr\u00e9sence de leurs <strong>ADN<\/strong> sur les armes et les v\u00e9hicules.<\/p>\n<p class=\" wall-content\">Certains avaient pourtant \u00e9t\u00e9 <strong>reconnus par des riverains,<\/strong> voire d\u00e9nonc\u00e9s par Andr\u00e9 X.\u2009: lui-m\u00eame est suspect\u00e9 de \u00ab\u2009tentatives d\u2019assassinat\u2009\u00bb apr\u00e8s <a href=\"https:\/\/actu.fr\/bretagne\/rennes_35238\/pres-de-rennes-un-enfant-de-cinq-ans-blesse-par-balle-a-l-arriere-d-une-voiture-entre-la-vie-et-la-mort_61791191.html\" rel=\"nofollow noopener\" target=\"_blank\">les coups de feu tir\u00e9s \u00e0 Pac\u00e9, qui avaient atteint un enfant de cinq ans en pleine t\u00eate, alors que son p\u00e8re \u00e9tait pris en chasse par des rivaux<\/a>.<\/p>\n<p>Une organisation n\u00e9cessitant de grands moyens<\/p>\n<p class=\" wall-content\">Les enqu\u00eateurs rennais avaient donc pu relier ces multiples \u00e9pisodes de fusillades \u00e0<strong> la reprise du point de deal de la Banane<\/strong> par les g\u00e9rants d\u2019un point de deal voisin\u2009: cette lutte arm\u00e9e faisait suite \u00e0 l\u2019incarc\u00e9ration, \u00e0 l\u2019\u00e9t\u00e9 2022, du pr\u00e9c\u00e9dent g\u00e9rant apr\u00e8s une \u00ab\u2009premi\u00e8re lutte mortelle\u2009\u00bb.<\/p>\n<p class=\" wall-content\">Selon les enqu\u00eateurs, <strong>la remise en libert\u00e9 en 2023 du \u00ab\u2009Kosovar\u2009\u00bb de 24\u00a0ans aurait contribu\u00e9 \u00e0 la flamb\u00e9e de violence<\/strong> pour la reprise d\u2019un point de deal, tout comme le retour d\u2019Andr\u00e9 X., un jeune du m\u00eame \u00e2ge et du m\u00eame \u00ab\u2009clan\u2009\u00bb.<\/p>\n<p class=\" wall-content\">Finalement, cette \u00ab\u2009organisation\u2009\u00bb demandant \u00ab\u2009contacts, liens et \u00e9cran de fum\u00e9e pour ne pas \u00eatre rep\u00e9r\u00e9s\u2009\u00bb avait donc us\u00e9 de <strong>\u00ab\u2009messageries crypt\u00e9es\u2009\u00bb,<\/strong> de <strong>\u00ab\u2009v\u00e9hicules lou\u00e9s ou vol\u00e9s\u2009\u00bb<\/strong> et b\u00e9n\u00e9ficiait de <strong>\u00ab\u2009points de repli\u2009\u00bb,<\/strong> \u00e0 Org\u00e8res et dans un appartement situ\u00e9 au n\u00b06 all\u00e9e de Brno. Il s\u2019agissait d\u2019une place de choix avec \u00ab\u2009vue sur le point de deal\u2009\u00bb chez une \u00ab\u2009nourrice\u2009\u00bb qui gardait les armes et la drogue, a r\u00e9sum\u00e9 l\u2019avocate g\u00e9n\u00e9rale.<\/p>\n<p>Dix ann\u00e9es suppl\u00e9mentaires pour le \u00ab\u2009Kosovar\u2009\u00bb<\/p>\n<p class=\" wall-content\">La repr\u00e9sentante du parquet a donc demand\u00e9 <strong>la confirmation des condamnations<\/strong> inflig\u00e9es \u00e0 Andr\u00e9 X. (cinq ans), Steve X. (six ans) et Mounir X. (sept ans). Elle a en revanche sollicit\u00e9 <strong>un an de prison suppl\u00e9mentaire<\/strong> pour le benjamin de ce dossier, Alexis X., compte tenu de son \u00ab\u2009positionnement\u2009\u00bb \u00e0 l\u2019audience\u2009: elle aimerait qu\u2019elle soit port\u00e9e \u00e0 cinq ans.<\/p>\n<p class=\" wall-content\">Une peine qui serait toutefois \u00ab\u2009incoh\u00e9rente\u2009\u00bb avec \u00ab\u2009son r\u00f4le et sa personnalit\u00e9\u2009\u00bb, a object\u00e9 l\u2019avocate de l\u2019int\u00e9ress\u00e9, Me Delphine Caro.<\/p>\n<p class=\" wall-content\">Surtout, l\u2019avocate g\u00e9n\u00e9rale a demand\u00e9 que soit port\u00e9e \u00e0 <strong>dix ans la peine d\u2019emprisonnement de Juliano X., dit \u00ab\u2009le Kosovar\u2009\u00bb.<\/strong> \u00ab\u2009La place qui lui est attribu\u00e9e n\u2019est absolument pas usurp\u00e9e\u2009\u00bb, a-t-elle dit \u00e0 propos de ce jeune qui a d\u00e9j\u00e0 purg\u00e9 \u00ab\u2009des peines relativement lourdes\u2009\u00bb.<\/p>\n<p class=\" wall-content\">La cour d\u2019appel de Rennes, qui a mis <strong>son arr\u00eat en d\u00e9lib\u00e9r\u00e9<\/strong>, se prononcera sous <strong>trois semaines.<\/strong><\/p>\n<p class=\" wall-content\"><strong>CB (PressPepper)<\/strong><\/p>\n<p class=\" wall-content\">Suivez toute l\u2019actualit\u00e9 de vos villes et m\u00e9dias favoris en vous inscrivant \u00e0 <a href=\"https:\/\/moncompte.actu.fr\" title=\"D\u00e9couvez Mon Actu\" rel=\"nofollow noopener\" data-trk=\"{&quot;cta&quot;:{&quot;action&quot;:&quot;https:\\\/\\\/moncompte.actu.fr&quot;,&quot;category&quot;:&quot;mon compte&quot;,&quot;from&quot;:&quot;article footer&quot;,&quot;name&quot;:&quot;Mon actu&quot;,&quot;type&quot;:&quot;cta&quot;}}\" target=\"_blank\">Mon Actu<\/a>.<\/p>\n","protected":false},"excerpt":{"rendered":"Par R\u00e9daction Rennes Publi\u00e9 le 17 mai 2025 \u00e0 14h57 Le parquet g\u00e9n\u00e9ral de la cour d\u2019appel de&hellip;\n","protected":false},"author":2,"featured_media":107023,"comment_status":"","ping_status":"","sticky":false,"template":"","format":"standard","meta":{"footnotes":""},"categories":[2821],"tags":[1111,11,829,1052,1777,674,118,1011,27,303,22320,12,584,25],"class_list":{"0":"post-107022","1":"post","2":"type-post","3":"status-publish","4":"format-standard","5":"has-post-thumbnail","7":"category-rennes","8":"tag-actu","9":"tag-actualites","10":"tag-bretagne","11":"tag-drogue","12":"tag-eu","13":"tag-europe","14":"tag-faits-divers","15":"tag-fr","16":"tag-france","17":"tag-justice","18":"tag-maurepas","19":"tag-news","20":"tag-rennes","21":"tag-republique-francaise"},"share_on_mastodon":{"url":"https:\/\/pubeurope.com\/@fr\/114523350347926424","error":""},"_links":{"self":[{"href":"https:\/\/www.europesays.com\/fr\/wp-json\/wp\/v2\/posts\/107022","targetHints":{"allow":["GET"]}}],"collection":[{"href":"https:\/\/www.europesays.com\/fr\/wp-json\/wp\/v2\/posts"}],"about":[{"href":"https:\/\/www.europesays.com\/fr\/wp-json\/wp\/v2\/types\/post"}],"author":[{"embeddable":true,"href":"https:\/\/www.europesays.com\/fr\/wp-json\/wp\/v2\/users\/2"}],"replies":[{"embeddable":true,"href":"https:\/\/www.europesays.com\/fr\/wp-json\/wp\/v2\/comments?post=107022"}],"version-history":[{"count":0,"href":"https:\/\/www.europesays.com\/fr\/wp-json\/wp\/v2\/posts\/107022\/revisions"}],"wp:featuredmedia":[{"embeddable":true,"href":"https:\/\/www.europesays.com\/fr\/wp-json\/wp\/v2\/media\/107023"}],"wp:attachment":[{"href":"https:\/\/www.europesays.com\/fr\/wp-json\/wp\/v2\/media?parent=107022"}],"wp:term":[{"taxonomy":"category","embeddable":true,"href":"https:\/\/www.europesays.com\/fr\/wp-json\/wp\/v2\/categories?post=107022"},{"taxonomy":"post_tag","embeddable":true,"href":"https:\/\/www.europesays.com\/fr\/wp-json\/wp\/v2\/tags?post=107022"}],"curies":[{"name":"wp","href":"https:\/\/api.w.org\/{rel}","templated":true}]}}