{"id":107026,"date":"2025-05-17T13:14:11","date_gmt":"2025-05-17T13:14:11","guid":{"rendered":"https:\/\/www.europesays.com\/fr\/107026\/"},"modified":"2025-05-17T13:14:11","modified_gmt":"2025-05-17T13:14:11","slug":"lete-est-lance-au-bart-garden","status":"publish","type":"post","link":"https:\/\/www.europesays.com\/fr\/107026\/","title":{"rendered":"l\u2019\u00e9t\u00e9 est lanc\u00e9 au B\u2019Art Garden"},"content":{"rendered":"<p>Ici, il faut \u00eatre membre de l\u2019association Apollonia pour consommer. C\u2019est peut-\u00eatre un d\u00e9tail pour vous \u2013 d\u2019autant que la cotisation annuelle se limite \u00e0 l\u2019euro symbolique \u2013\u00a0; mais pour eux, \u00e7a veut dire beaucoup\u00a0! Nich\u00e9 au sein du jardin associatif d\u2019Apollonia, le B\u2019Art Garden fait \u00e0 chaque belle saison la joie des familles et des \u00e9l\u00e8ves de l\u2019\u00c9cole europ\u00e9enne voisine, tout en offrant un cadre id\u00e9al aux afterworks des employ\u00e9s des institutions europ\u00e9ennes voisines.<\/p>\n<p>Ouvert \u00e0 la sortie du Covid, exploit\u00e9 depuis 2022 par <a href=\"https:\/\/www.dna.fr\/culture-loisirs\/2025\/03\/06\/le-cafe-de-l-opera-a-enfin-un-repreneur-reouverture-prevue-mi-mars\" target=\"_blank\" rel=\"nofollow noopener\"> Eric Husser \u2013 qui a aussi repris ce printemps le Caf\u00e9 de l\u2019Op\u00e9ra, place Broglie \u2014<\/a> , le bucolique espace a vite gagn\u00e9 en notori\u00e9t\u00e9. Au point de devenir LE point de ralliement estival des amateurs d\u2019art et de tartes flamb\u00e9es, \u00e0 la fois nouvelle porte d\u2019entr\u00e9e sur l\u2019art contemporain et le quartier.<\/p>\n<p>Un brassin d\u00e9di\u00e9 pour cet \u00e9t\u00e9<\/p>\n<p>Clin d\u2019\u0153il au pass\u00e9 mara\u00eecher de la Robertsau\u00a0? Illustration de l\u2019esprit d\u00e9fricheur&#8230;<\/p>\n","protected":false},"excerpt":{"rendered":"Ici, il faut \u00eatre membre de l\u2019association Apollonia pour consommer. C\u2019est peut-\u00eatre un d\u00e9tail pour vous \u2013 d\u2019autant&hellip;\n","protected":false},"author":2,"featured_media":107027,"comment_status":"","ping_status":"","sticky":false,"template":"","format":"standard","meta":{"footnotes":""},"categories":[2820],"tags":[1111,11,1687,2880,436,1777,674,107,1011,27,775,12,25,104,640,2879,1631],"class_list":{"0":"post-107026","1":"post","2":"type-post","3":"status-publish","4":"format-standard","5":"has-post-thumbnail","7":"category-strasbourg","8":"tag-actu","9":"tag-actualites","10":"tag-culture-loisirs","11":"tag-edition-strasbourg","12":"tag-environnement","13":"tag-eu","14":"tag-europe","15":"tag-fil-info","16":"tag-fr","17":"tag-france","18":"tag-grand-est","19":"tag-news","20":"tag-republique-francaise","21":"tag-societe","22":"tag-strasbourg","23":"tag-strasbourg-ville","24":"tag-vie-associative"},"share_on_mastodon":{"url":"https:\/\/pubeurope.com\/@fr\/114523358076566592","error":""},"_links":{"self":[{"href":"https:\/\/www.europesays.com\/fr\/wp-json\/wp\/v2\/posts\/107026","targetHints":{"allow":["GET"]}}],"collection":[{"href":"https:\/\/www.europesays.com\/fr\/wp-json\/wp\/v2\/posts"}],"about":[{"href":"https:\/\/www.europesays.com\/fr\/wp-json\/wp\/v2\/types\/post"}],"author":[{"embeddable":true,"href":"https:\/\/www.europesays.com\/fr\/wp-json\/wp\/v2\/users\/2"}],"replies":[{"embeddable":true,"href":"https:\/\/www.europesays.com\/fr\/wp-json\/wp\/v2\/comments?post=107026"}],"version-history":[{"count":0,"href":"https:\/\/www.europesays.com\/fr\/wp-json\/wp\/v2\/posts\/107026\/revisions"}],"wp:featuredmedia":[{"embeddable":true,"href":"https:\/\/www.europesays.com\/fr\/wp-json\/wp\/v2\/media\/107027"}],"wp:attachment":[{"href":"https:\/\/www.europesays.com\/fr\/wp-json\/wp\/v2\/media?parent=107026"}],"wp:term":[{"taxonomy":"category","embeddable":true,"href":"https:\/\/www.europesays.com\/fr\/wp-json\/wp\/v2\/categories?post=107026"},{"taxonomy":"post_tag","embeddable":true,"href":"https:\/\/www.europesays.com\/fr\/wp-json\/wp\/v2\/tags?post=107026"}],"curies":[{"name":"wp","href":"https:\/\/api.w.org\/{rel}","templated":true}]}}