{"id":107030,"date":"2025-05-17T13:16:18","date_gmt":"2025-05-17T13:16:18","guid":{"rendered":"https:\/\/www.europesays.com\/fr\/107030\/"},"modified":"2025-05-17T13:16:18","modified_gmt":"2025-05-17T13:16:18","slug":"nice-place-aux-oceans-paris-cote-dazur-2","status":"publish","type":"post","link":"https:\/\/www.europesays.com\/fr\/107030\/","title":{"rendered":"Nice. Place aux oc\u00e9ans&#8230; &#8211; Paris C\u00f4te d&rsquo;Azur"},"content":{"rendered":"<p style=\"text-align: center;\"><img decoding=\"async\" src=\"https:\/\/www.europesays.com\/fr\/wp-content\/uploads\/2025\/05\/Becoming-ocean.jpg\" title=\"\" alt=\"\"\/><\/p>\n<p>En juin 2025, la Ville de Nice accueillera la 3e Conf\u00e9rence des Nations Unies sur l\u2019Oc\u00e9an (UNOC 2025). Ce sommet international rassemblera les dirigeants et gouvernements du monde entier pour d\u00e9battre et d\u00e9cider du futur de notre plan\u00e8te. \u00c0 cette occasion, la Ville de Nice place sa 6e Biennale des Arts sous le signe de l\u2019Oc\u00e9an et f\u00e9d\u00e8re autour de ce projet acteurs culturels, institutionnels et partenaires.<\/p>\n<p>Intitul\u00e9e La mer autour de nous, la biennale rend ainsi un vibrant hommage \u00e0 Rachel Carson, grande figure des oc\u00e9ans, femme de sciences, de lettres et d\u2019engagement pour le vivant. Les co-commissaires, Jean-Jacques Aillagon ancien ministre de la Culture et de la Communication, et H\u00e9l\u00e8ne Guenin, Directrice du MAMAC, proposent une programmation in\u00e9dite \u00e0 la hauteur de l\u2019\u00e9v\u00e9nement et de ses enjeux\u00a0:<\/p>\n<ul>\n<li>11 expositions avec des installations et des \u00e9v\u00e9nements associ\u00e9s dans 7 mus\u00e9es de la ville de Nice ainsi qu\u2019au 109, tiers lieu de la Ville de Nice et \u00e0 la Villa Arson\u00a0;<\/li>\n<li>un parcours d\u2019\u0153uvres d\u2019Art dans la ville, grande nouveaut\u00e9 de cette \u00e9dition\u00a0;<\/li>\n<li>deux fondations internationales, Fondation Tara Oc\u00e9an et TBA21 Thyssen-Bornemisza Art Contemporary sont \u00e9galement partenaires.<\/li>\n<\/ul>\n<p>L&rsquo;exposition Becoming Ocean\u00a0: a social conversation about the Ocean constitue l\u2019un des principaux \u00e9v\u00e9nements pr\u00e9sent\u00e9s dans la ville dans le cadre de la Biennale. Plus de 20 artistes internationaux participent \u00e0 l\u2019exposition qui se tiendra \u00e0 la Villa Arson, \u00e0 travers des approches critiques et documentaires ainsi que des expressions plus sensorielles, po\u00e9tiques ou sp\u00e9culatives dont Seba Calfuqueo, Anne Duk Hee Jordan, Simone Fattal, Sonia Levy, Armin Linke, Ingo Nierman, Diana Policarpo, ou Allan Sekula, et des participants au programme d\u2019artistes en r\u00e9sidence de la Fondation Tara Ocean dont Antoine Bertin, Samuel Bollendorff, Nicolas Floc\u2019h, Christian Sardet, Robertina Sebjanic ou Laure Winants. L&rsquo;exposition est r\u00e9alis\u00e9e avec la collaboration du Schmidt Ocean Institute, qui pr\u00e9sente une nouvelle \u0153uvre de l&rsquo;artiste Max Hooper Schneider.<\/p>\n<p><img decoding=\"async\" src=\"https:\/\/www.europesays.com\/fr\/wp-content\/uploads\/2025\/05\/ocean-arson.jpg\" title=\"\" alt=\"\"\/><br \/>&#8211; Ingo Niermann: Sea Lovers, 2020, video still. <br \/>Commissioned by TBA21\u2013Academy. Credit: courtesy of the artist &#8211;<\/p>\n","protected":false},"excerpt":{"rendered":"En juin 2025, la Ville de Nice accueillera la 3e Conf\u00e9rence des Nations Unies sur l\u2019Oc\u00e9an (UNOC 2025).&hellip;\n","protected":false},"author":2,"featured_media":105944,"comment_status":"","ping_status":"","sticky":false,"template":"","format":"standard","meta":{"footnotes":""},"categories":[2819],"tags":[1111,47,11,1777,674,1011,27,1110,1031,12,2401,882,25],"class_list":{"0":"post-107030","1":"post","2":"type-post","3":"status-publish","4":"format-standard","5":"has-post-thumbnail","7":"category-nice","8":"tag-actu","9":"tag-actualite","10":"tag-actualites","11":"tag-eu","12":"tag-europe","13":"tag-fr","14":"tag-france","15":"tag-informations","16":"tag-magazine","17":"tag-news","18":"tag-nice","19":"tag-provence-alpes-cote-dazur","20":"tag-republique-francaise"},"share_on_mastodon":{"url":"https:\/\/pubeurope.com\/@fr\/114523365957211281","error":""},"_links":{"self":[{"href":"https:\/\/www.europesays.com\/fr\/wp-json\/wp\/v2\/posts\/107030","targetHints":{"allow":["GET"]}}],"collection":[{"href":"https:\/\/www.europesays.com\/fr\/wp-json\/wp\/v2\/posts"}],"about":[{"href":"https:\/\/www.europesays.com\/fr\/wp-json\/wp\/v2\/types\/post"}],"author":[{"embeddable":true,"href":"https:\/\/www.europesays.com\/fr\/wp-json\/wp\/v2\/users\/2"}],"replies":[{"embeddable":true,"href":"https:\/\/www.europesays.com\/fr\/wp-json\/wp\/v2\/comments?post=107030"}],"version-history":[{"count":0,"href":"https:\/\/www.europesays.com\/fr\/wp-json\/wp\/v2\/posts\/107030\/revisions"}],"wp:featuredmedia":[{"embeddable":true,"href":"https:\/\/www.europesays.com\/fr\/wp-json\/wp\/v2\/media\/105944"}],"wp:attachment":[{"href":"https:\/\/www.europesays.com\/fr\/wp-json\/wp\/v2\/media?parent=107030"}],"wp:term":[{"taxonomy":"category","embeddable":true,"href":"https:\/\/www.europesays.com\/fr\/wp-json\/wp\/v2\/categories?post=107030"},{"taxonomy":"post_tag","embeddable":true,"href":"https:\/\/www.europesays.com\/fr\/wp-json\/wp\/v2\/tags?post=107030"}],"curies":[{"name":"wp","href":"https:\/\/api.w.org\/{rel}","templated":true}]}}