{"id":1070301,"date":"2026-07-17T10:24:17","date_gmt":"2026-07-17T10:24:17","guid":{"rendered":"https:\/\/www.europesays.com\/fr\/1070301\/"},"modified":"2026-07-17T10:24:17","modified_gmt":"2026-07-17T10:24:17","slug":"girondins-rachat-liquidation-r1-quel-est-le-meilleur-choix","status":"publish","type":"post","link":"https:\/\/www.europesays.com\/fr\/1070301\/","title":{"rendered":"Girondins : Rachat, liquidation, R1, quel est le meilleur choix ?"},"content":{"rendered":"<p>\n    17\/07 &#8211; 12:01 | Par Nicolas Pietrelli | Il y a<br \/>\n    23 minutes\n  <\/p>\n<p><strong>Le tribunal de commerce a d\u00e9cid\u00e9 de ne pas prononcer pour l&rsquo;instant  la liquidation des Girondins de Bordeaux malgr\u00e9 une situation financi\u00e8re et sportive extr\u00eamement d\u00e9grad\u00e9e. Dans ce Midi Dix WebGirondins, nous revenons les cons\u00e9quences de cette d\u00e9cision et les diff\u00e9rentes voies qui s&rsquo;offrent d\u00e9sormais au club.<\/strong><\/p>\n<p><img decoding=\"async\" src=\"https:\/\/www.europesays.com\/fr\/wp-content\/uploads\/2026\/07\/671_d45b69ac8a286b1b98ac74b31b861cc4.jpg\" alt=\"Girondins : Rachat, liquidation, R1, quel est le meilleur choix ?\" class=\"img-responsive mt-3\"\/><\/p>\n<p class=\"text-center mb-3\" style=\"font-size: 14px\">\u00a9 Iconsport<\/p>\n<p>      <strong>L&rsquo;actu des Girondins en direct : Bordeaux toujours dans le flou<\/strong><\/p>\n<p><strong><br \/><\/strong>Suivez l&rsquo;\u00e9mission en direct sur cette page ou sur la <a href=\"https:\/\/youtube.com\/live\/8t1-tfth4VQ\" target=\"_blank\" rel=\"noopener nofollow\">cha\u00eene YouTube de WebGirondins<\/a> :<\/p>\n<p>Ce navigateur ne supporte pas les iframes<\/p>\n<p>&#8211; \u00c0 lire : <strong><a href=\"https:\/\/www.webgirondins.com\/actualite-girondins-girondins-un-groupe-releve-pour-les-u17-avec-de-belles-affiches-au-programme-133890\" target=\"_blank\" rel=\"noopener nofollow\">Girondins : un groupe relev\u00e9 pour les U17 avec de belles affiches au programme<\/a><\/strong><\/p>\n<p>\u00a0<\/p>\n<p style=\"text-align: justify;\">Notre podcast court sur l&rsquo;actu des Girondins :<\/p>\n<p>\u00a0<\/p>\n<p>  COMMENTAIRES<br \/>\n  ()<\/p>\n","protected":false},"excerpt":{"rendered":"17\/07 &#8211; 12:01 | Par Nicolas Pietrelli | Il y a 23 minutes Le tribunal de commerce a&hellip;\n","protected":false},"author":2,"featured_media":1070302,"comment_status":"","ping_status":"","sticky":false,"template":"","format":"standard","meta":{"footnotes":"","_share_on_mastodon":"0"},"categories":[2817],"tags":[1111,11,1997,13898,215,24684,13479,1777,674,41849,4666,1011,27,1987,86720,13225,9085,14954,12,2219,471,90931,11589,8847,25,1447,19748,3693],"class_list":["post-1070301","post","type-post","status-publish","format-standard","has-post-thumbnail","category-bordeaux","tag-actu","tag-actualites","tag-bordeaux","tag-choix","tag-commerce","tag-decide","tag-degradee","tag-eu","tag-europe","tag-extremement","tag-financiere","tag-fr","tag-france","tag-girondins","tag-instant","tag-liquidation","tag-malgre","tag-meilleur","tag-news","tag-nouvelle-aquitaine","tag-pour","tag-prononcer","tag-quel","tag-rachat","tag-republique-francaise","tag-situation","tag-sportive","tag-tribunal"],"share_on_mastodon":{"url":"https:\/\/pubeurope.com\/@fr\/116934834195489951","error":""},"_links":{"self":[{"href":"https:\/\/www.europesays.com\/fr\/wp-json\/wp\/v2\/posts\/1070301","targetHints":{"allow":["GET"]}}],"collection":[{"href":"https:\/\/www.europesays.com\/fr\/wp-json\/wp\/v2\/posts"}],"about":[{"href":"https:\/\/www.europesays.com\/fr\/wp-json\/wp\/v2\/types\/post"}],"author":[{"embeddable":true,"href":"https:\/\/www.europesays.com\/fr\/wp-json\/wp\/v2\/users\/2"}],"replies":[{"embeddable":true,"href":"https:\/\/www.europesays.com\/fr\/wp-json\/wp\/v2\/comments?post=1070301"}],"version-history":[{"count":0,"href":"https:\/\/www.europesays.com\/fr\/wp-json\/wp\/v2\/posts\/1070301\/revisions"}],"wp:featuredmedia":[{"embeddable":true,"href":"https:\/\/www.europesays.com\/fr\/wp-json\/wp\/v2\/media\/1070302"}],"wp:attachment":[{"href":"https:\/\/www.europesays.com\/fr\/wp-json\/wp\/v2\/media?parent=1070301"}],"wp:term":[{"taxonomy":"category","embeddable":true,"href":"https:\/\/www.europesays.com\/fr\/wp-json\/wp\/v2\/categories?post=1070301"},{"taxonomy":"post_tag","embeddable":true,"href":"https:\/\/www.europesays.com\/fr\/wp-json\/wp\/v2\/tags?post=1070301"}],"curies":[{"name":"wp","href":"https:\/\/api.w.org\/{rel}","templated":true}]}}