{"id":107031,"date":"2025-05-17T13:17:11","date_gmt":"2025-05-17T13:17:11","guid":{"rendered":"https:\/\/www.europesays.com\/fr\/107031\/"},"modified":"2025-05-17T13:17:11","modified_gmt":"2025-05-17T13:17:11","slug":"78e-festival-de-cannes-cette-photo-dun-grand-acteur-feuilletant-nice-matin-a-la-terrasse-du-martinez-a-fait-fondre-nos-petits-coeurs","status":"publish","type":"post","link":"https:\/\/www.europesays.com\/fr\/107031\/","title":{"rendered":"78e Festival de Cannes: cette photo d&rsquo;un grand acteur feuilletant Nice-Matin \u00e0 la terrasse du Martinez a fait fondre nos petits coeurs"},"content":{"rendered":"<p>Vendredi soir, le compte Instagram du <a href=\"https:\/\/www.instagram.com\/superbar06\/\" target=\"_blank\" rel=\"noopener\">SuperBar<\/a>, un bar branch\u00e9 et japonisant du \u00ab\u00a0Petit Marais\u00a0\u00bb \u00e0 Nice, postait une\u00a0story figurant <strong>l&rsquo;acteur danois Mads Mikkelsen qui lisait le journal<\/strong>, assis en terrasse de l&rsquo;h\u00f4tel Martinez.<\/p>\n<p>Sur l&rsquo;article du dos de la page, figurait un article sur leur \u00e9tablissement. <strong>Double coup de pub gratos et clin d&rsquo;\u0153il sympa.<\/strong><\/p>\n<p>Ce que cette\u00a0story ne mentionnait pas, <strong>c&rsquo;est que la feuille de chou en question \u00e9tait Nice-Matin<\/strong>, votre fid\u00e8le source d&rsquo;information durant cette 78e quinzaine cin\u00e9matographique (et le reste de l&rsquo;ann\u00e9e).<\/p>\n<p>              <img ci-src=\"https:\/\/www.nicematin.com\/festival-de-cannes\/IMG_2314-DZj5MvfJ.jpg?vh=63b954&amp;ci_seal=4b068d3e02\" alt=\"\"\/><br \/>\n        Et oui, Mads Mikkelsen lit Nice-Matin. <strong>DR.<\/strong> <\/p>\n<p>Sous la plume de <strong>notre journaliste culture Jimmy Boursicot<\/strong>, un article complet (dat\u00e9 du jeudi 15 mai) sur le SuperBar, , qu&rsquo;il d\u00e9crit comme <strong>un<\/strong><strong> \u00ab\u00a0kissa bar, [du nom de] ces antres aux \u00e9l\u00e9gantes boiseries<\/strong>, \u00e0 la lumi\u00e8re tamis\u00e9e, o\u00f9 l&rsquo;on peut \u00e9couter des vinyles avec un syst\u00e8me audio de haut vol, en sirotant un whisky, ou des cocktails soign\u00e9s.\u00a0\u00bb<\/p>\n<p>                                <strong>Prix d\u2019interpr\u00e9tation masculine en 2012<\/strong><\/p>\n<p>Mads Mikkelsen, lui, est pr\u00e9sent au 78e Festival de Cannes non pas pour un film, <strong>mais dans le cadre d\u2019une collaboration officielle avec la marque Campari<\/strong>, partenaire du festival pour la quatri\u00e8me ann\u00e9e cons\u00e9cutive.<\/p>\n<p>Plusieurs \u00e9v\u00e9nements sont pr\u00e9vus, <strong>notamment le \u00ab\u00a0Campari Event \u2013 Discover Red\u00a0\u00bb<\/strong>, organis\u00e9 ce samedi 17 mai \u00e0 Hyde Beach by Campari.<\/p>\n<p>D\u2019autres rendez-vous incluent <strong>des afterparties officielles de premi\u00e8res de films<\/strong>, ou encore des rencontres avec des professionnels du secteur.<\/p>\n<p>L&rsquo;acteur, de renomm\u00e9e internationale, a d\u00e9j\u00e0 \u00e9t\u00e9 r\u00e9compens\u00e9 par le <strong>prix d\u2019interpr\u00e9tation masculine en 2012 pour La Chasse,<\/strong> et a pr\u00e9sent\u00e9 plusieurs films, en comp\u00e9tition ou hors comp\u00e9tition, au fil des ann\u00e9es.<\/p>\n<p><script async src=\"\/\/www.instagram.com\/embed.js\"><\/script><\/p>\n","protected":false},"excerpt":{"rendered":"Vendredi soir, le compte Instagram du SuperBar, un bar branch\u00e9 et japonisant du \u00ab\u00a0Petit Marais\u00a0\u00bb \u00e0 Nice, postait&hellip;\n","protected":false},"author":2,"featured_media":107032,"comment_status":"","ping_status":"","sticky":false,"template":"","format":"standard","meta":{"footnotes":""},"categories":[2819],"tags":[1111,11,1777,674,5634,1011,27,1393,12,2401,882,25],"class_list":{"0":"post-107031","1":"post","2":"type-post","3":"status-publish","4":"format-standard","5":"has-post-thumbnail","7":"category-nice","8":"tag-actu","9":"tag-actualites","10":"tag-eu","11":"tag-europe","12":"tag-festival-de-cannes","13":"tag-fr","14":"tag-france","15":"tag-loisirs","16":"tag-news","17":"tag-nice","18":"tag-provence-alpes-cote-dazur","19":"tag-republique-francaise"},"share_on_mastodon":{"url":"https:\/\/pubeurope.com\/@fr\/114523369828561765","error":""},"_links":{"self":[{"href":"https:\/\/www.europesays.com\/fr\/wp-json\/wp\/v2\/posts\/107031","targetHints":{"allow":["GET"]}}],"collection":[{"href":"https:\/\/www.europesays.com\/fr\/wp-json\/wp\/v2\/posts"}],"about":[{"href":"https:\/\/www.europesays.com\/fr\/wp-json\/wp\/v2\/types\/post"}],"author":[{"embeddable":true,"href":"https:\/\/www.europesays.com\/fr\/wp-json\/wp\/v2\/users\/2"}],"replies":[{"embeddable":true,"href":"https:\/\/www.europesays.com\/fr\/wp-json\/wp\/v2\/comments?post=107031"}],"version-history":[{"count":0,"href":"https:\/\/www.europesays.com\/fr\/wp-json\/wp\/v2\/posts\/107031\/revisions"}],"wp:featuredmedia":[{"embeddable":true,"href":"https:\/\/www.europesays.com\/fr\/wp-json\/wp\/v2\/media\/107032"}],"wp:attachment":[{"href":"https:\/\/www.europesays.com\/fr\/wp-json\/wp\/v2\/media?parent=107031"}],"wp:term":[{"taxonomy":"category","embeddable":true,"href":"https:\/\/www.europesays.com\/fr\/wp-json\/wp\/v2\/categories?post=107031"},{"taxonomy":"post_tag","embeddable":true,"href":"https:\/\/www.europesays.com\/fr\/wp-json\/wp\/v2\/tags?post=107031"}],"curies":[{"name":"wp","href":"https:\/\/api.w.org\/{rel}","templated":true}]}}