{"id":107033,"date":"2025-05-17T13:19:10","date_gmt":"2025-05-17T13:19:10","guid":{"rendered":"https:\/\/www.europesays.com\/fr\/107033\/"},"modified":"2025-05-17T13:19:10","modified_gmt":"2025-05-17T13:19:10","slug":"accident-entre-un-velo-et-un-tram-la-cycliste-de-12-ans-gravement-blessee","status":"publish","type":"post","link":"https:\/\/www.europesays.com\/fr\/107033\/","title":{"rendered":"accident entre un v\u00e9lo et un tram, la cycliste de 12 ans gravement bless\u00e9e"},"content":{"rendered":"<p>            Par<br \/>\n        <strong><br \/>\n            <a href=\"https:\/\/actu.fr\/auteur\/clemence-pays02-actu-fr\" title=\"Consulter tous les articles de Cl\u00e9mence Pays\" rel=\"nofollow noopener\" target=\"_blank\">Cl\u00e9mence Pays<\/a><br \/>\n        <\/strong><\/p>\n<p>        Publi\u00e9 le<\/p>\n<p>            15 mai 2025 \u00e0 15h58        <\/p>\n<p>Jeudi 15\u00a0mai 2025, un <strong>grave accident de la circulation<\/strong> est survenu dans la commune d\u2019<a href=\"https:\/\/actu.fr\/pays-de-la-loire\/orvault_44114\" rel=\"nofollow noopener\" target=\"_blank\">Orvault<\/a>, pr\u00e8s de Nantes. \u00c0 8\u2009h\u200955, les sapeurs-pompiers de Loire-Atlantique sont intervenus pour <strong>\u00ab\u2009un accident entre un v\u00e9lo et un tramway\u2009\u00bb,<\/strong> indique le Service d\u00e9partemental d\u2019incendie et de secours (Sdis 44).<\/p>\n<p class=\" wall-content\">La sc\u00e8ne s\u2019est d\u00e9roul\u00e9e boulevard Mend\u00e8s-France, o\u00f9 passe la ligne 2 du tram.<\/p>\n<p>Une victime de 12\u00a0ans<\/p>\n<p class=\" wall-content\">La conductrice du v\u00e9lo, \u00ab\u2009une jeune fille de <strong>12\u00a0ans, bless\u00e9e grave\u2009\u00bb<\/strong> a \u00e9t\u00e9 prise en charge par le SMUR (Structure mobile d\u2019urgence et de r\u00e9animation) et transport\u00e9e aux <strong>urgences p\u00e9diatriques<\/strong> de Nantes.<\/p>\n<p class=\" wall-content\">Au total, treize sapeurs-pompiers \u00e9taient mobilis\u00e9s. La police nationale, Naolib et le Craiol (Centre de r\u00e9ception des appels institutionnels et organisation de la logistique) \u00e9taient \u00e9galement pr\u00e9sents.<\/p>\n<p class=\" wall-content\">La veille, mercredi 14\u00a0mai, <a href=\"https:\/\/actu.fr\/pays-de-la-loire\/nantes_44109\/grave-accident-a-nantes-entre-un-tram-et-un-cycliste-un-homme-transporte-aux-urgences_62632370.html\" rel=\"nofollow noopener\" target=\"_blank\">un accident entre un tramway et un cycliste avait d\u00e9j\u00e0 eu lieu, sur l\u2019\u00eele de Nantes<\/a>. La victime, un homme de 45\u00a0ans, a \u00e9t\u00e9 gravement bless\u00e9e et transport\u00e9e au CHU.<\/p>\n<p>Vid\u00e9os : en ce moment sur Actu<\/p>\n<p class=\" wall-content\">Suivez toute l\u2019actualit\u00e9 de vos villes et m\u00e9dias favoris en vous inscrivant \u00e0 <a href=\"https:\/\/moncompte.actu.fr\" title=\"D\u00e9couvez Mon Actu\" rel=\"nofollow noopener\" data-trk=\"{&quot;cta&quot;:{&quot;action&quot;:&quot;https:\\\/\\\/moncompte.actu.fr&quot;,&quot;category&quot;:&quot;mon compte&quot;,&quot;from&quot;:&quot;article footer&quot;,&quot;name&quot;:&quot;Mon actu&quot;,&quot;type&quot;:&quot;cta&quot;}}\" target=\"_blank\">Mon Actu<\/a>.<\/p>\n","protected":false},"excerpt":{"rendered":"Par Cl\u00e9mence Pays Publi\u00e9 le 15 mai 2025 \u00e0 15h58 Jeudi 15\u00a0mai 2025, un grave accident de la&hellip;\n","protected":false},"author":2,"featured_media":107034,"comment_status":"","ping_status":"","sticky":false,"template":"","format":"standard","meta":{"footnotes":""},"categories":[2818],"tags":[119,1111,11,1777,674,118,1011,27,766,12,2636,1311,25],"class_list":{"0":"post-107033","1":"post","2":"type-post","3":"status-publish","4":"format-standard","5":"has-post-thumbnail","7":"category-nantes","8":"tag-accident","9":"tag-actu","10":"tag-actualites","11":"tag-eu","12":"tag-europe","13":"tag-faits-divers","14":"tag-fr","15":"tag-france","16":"tag-nantes","17":"tag-news","18":"tag-pays-de-la-loire","19":"tag-pompiers","20":"tag-republique-francaise"},"share_on_mastodon":{"url":"https:\/\/pubeurope.com\/@fr\/114523377733740588","error":""},"_links":{"self":[{"href":"https:\/\/www.europesays.com\/fr\/wp-json\/wp\/v2\/posts\/107033","targetHints":{"allow":["GET"]}}],"collection":[{"href":"https:\/\/www.europesays.com\/fr\/wp-json\/wp\/v2\/posts"}],"about":[{"href":"https:\/\/www.europesays.com\/fr\/wp-json\/wp\/v2\/types\/post"}],"author":[{"embeddable":true,"href":"https:\/\/www.europesays.com\/fr\/wp-json\/wp\/v2\/users\/2"}],"replies":[{"embeddable":true,"href":"https:\/\/www.europesays.com\/fr\/wp-json\/wp\/v2\/comments?post=107033"}],"version-history":[{"count":0,"href":"https:\/\/www.europesays.com\/fr\/wp-json\/wp\/v2\/posts\/107033\/revisions"}],"wp:featuredmedia":[{"embeddable":true,"href":"https:\/\/www.europesays.com\/fr\/wp-json\/wp\/v2\/media\/107034"}],"wp:attachment":[{"href":"https:\/\/www.europesays.com\/fr\/wp-json\/wp\/v2\/media?parent=107033"}],"wp:term":[{"taxonomy":"category","embeddable":true,"href":"https:\/\/www.europesays.com\/fr\/wp-json\/wp\/v2\/categories?post=107033"},{"taxonomy":"post_tag","embeddable":true,"href":"https:\/\/www.europesays.com\/fr\/wp-json\/wp\/v2\/tags?post=107033"}],"curies":[{"name":"wp","href":"https:\/\/api.w.org\/{rel}","templated":true}]}}