{"id":107035,"date":"2025-05-17T13:20:20","date_gmt":"2025-05-17T13:20:20","guid":{"rendered":"https:\/\/www.europesays.com\/fr\/107035\/"},"modified":"2025-05-17T13:20:20","modified_gmt":"2025-05-17T13:20:20","slug":"fcn-mhsc-le-groupe-pailladin-contre-nantes","status":"publish","type":"post","link":"https:\/\/www.europesays.com\/fr\/107035\/","title":{"rendered":"[FCN-MHSC] Le groupe pailladin contre Nantes"},"content":{"rendered":"<p>Le groupe pour le dernier match de Ligue 1 avant de passer \u00e0 autre chose pour le MHSC est de 18 joueurs\u2026 c\u2019est-\u00e0-dire du nombre maximal autoris\u00e9 sur une feuille de match en Ligue 2. Falaye Sacko et Wahbi Khazri n\u2019en sont pas, au contraire de Christopher Jullien dont Zoumana Camara avait annonc\u00e9 la r\u00e9apparition cette semaine. Et m\u00eame de <strong>Modibo Sagnan,<\/strong> que l\u2019on savait r\u00e9tabli mais dont on pensait qu\u2019il devait \u00eatre pr\u00e9serv\u00e9 en vue d\u2019un probable transfert dans les prochaines semaines. Il est \u00e0 noter que le nom de Be\u0107ir Omeragi\u0107 appara\u00eet dans la ligne des milieux de terrain sur le visuel publi\u00e9 par le club. Assez logique quand on sait que Rabby Nzingoula et Khalil Fayad, suspendus, manqueront dans ce secteur.<\/p>\n<p>Les 18 : <strong>Lecomte, Bertaud \u2013 Tchato, Ndollo Bille, Me\u00eft\u00e9, Kouyat\u00e9, Jullien, Sagnan, Mouanga B., Mincarelli \u2013 <strong>Omeragi\u0107,<\/strong> Chotard, Ferri, D\u017eodi\u0107, Chennahi \u2013 Savanier, Coulibaly, Ndiaye.<\/strong><\/p>\n<p><strong>Absents :<\/strong> Nzingoula, Fayad (suspendus), Pays (m\u00e9tatarse), Sylla (mollet), Maamma (s\u00e9lection), Sainte-Luce (cheville), Issoufou, Gu\u00e9guin (blessures non pr\u00e9cis\u00e9es), Sacko, Delort, Khazri, Maksimovi\u0107, Mamilo, Djemba-Mbapp\u00e9, Ab. Camara, Cara, Ngosso, Dizdarevi\u0107<\/p>\n","protected":false},"excerpt":{"rendered":"Le groupe pour le dernier match de Ligue 1 avant de passer \u00e0 autre chose pour le MHSC&hellip;\n","protected":false},"author":2,"featured_media":107036,"comment_status":"","ping_status":"","sticky":false,"template":"","format":"standard","meta":{"footnotes":""},"categories":[2818],"tags":[1111,11,1777,674,22440,1011,27,766,12,2636,25],"class_list":{"0":"post-107035","1":"post","2":"type-post","3":"status-publish","4":"format-standard","5":"has-post-thumbnail","7":"category-nantes","8":"tag-actu","9":"tag-actualites","10":"tag-eu","11":"tag-europe","12":"tag-fcn-mhsc","13":"tag-fr","14":"tag-france","15":"tag-nantes","16":"tag-news","17":"tag-pays-de-la-loire","18":"tag-republique-francaise"},"share_on_mastodon":{"url":"https:\/\/pubeurope.com\/@fr\/114523381799577852","error":""},"_links":{"self":[{"href":"https:\/\/www.europesays.com\/fr\/wp-json\/wp\/v2\/posts\/107035","targetHints":{"allow":["GET"]}}],"collection":[{"href":"https:\/\/www.europesays.com\/fr\/wp-json\/wp\/v2\/posts"}],"about":[{"href":"https:\/\/www.europesays.com\/fr\/wp-json\/wp\/v2\/types\/post"}],"author":[{"embeddable":true,"href":"https:\/\/www.europesays.com\/fr\/wp-json\/wp\/v2\/users\/2"}],"replies":[{"embeddable":true,"href":"https:\/\/www.europesays.com\/fr\/wp-json\/wp\/v2\/comments?post=107035"}],"version-history":[{"count":0,"href":"https:\/\/www.europesays.com\/fr\/wp-json\/wp\/v2\/posts\/107035\/revisions"}],"wp:featuredmedia":[{"embeddable":true,"href":"https:\/\/www.europesays.com\/fr\/wp-json\/wp\/v2\/media\/107036"}],"wp:attachment":[{"href":"https:\/\/www.europesays.com\/fr\/wp-json\/wp\/v2\/media?parent=107035"}],"wp:term":[{"taxonomy":"category","embeddable":true,"href":"https:\/\/www.europesays.com\/fr\/wp-json\/wp\/v2\/categories?post=107035"},{"taxonomy":"post_tag","embeddable":true,"href":"https:\/\/www.europesays.com\/fr\/wp-json\/wp\/v2\/tags?post=107035"}],"curies":[{"name":"wp","href":"https:\/\/api.w.org\/{rel}","templated":true}]}}