{"id":107043,"date":"2025-05-17T13:24:18","date_gmt":"2025-05-17T13:24:18","guid":{"rendered":"https:\/\/www.europesays.com\/fr\/107043\/"},"modified":"2025-05-17T13:24:18","modified_gmt":"2025-05-17T13:24:18","slug":"le-chef-deux-etoiles-pierre-lambinon-rouvre-son-restaurant-ephemere-pres-de-toulouse","status":"publish","type":"post","link":"https:\/\/www.europesays.com\/fr\/107043\/","title":{"rendered":"Le chef deux \u00e9toiles Pierre Lambinon rouvre son restaurant \u00e9ph\u00e9m\u00e8re, pr\u00e8s de Toulouse"},"content":{"rendered":"<p>            Par<br \/>\n        <strong><br \/>\n            <a href=\"https:\/\/actu.fr\/auteur\/gabriel-kenedi\" title=\"Consulter tous les articles de Gabriel Kenedi\" target=\"_blank\" rel=\"noopener\">Gabriel Kenedi<\/a><br \/>\n        <\/strong><\/p>\n<p>        Publi\u00e9 le<\/p>\n<p>            17 mai 2025 \u00e0 11h26        <\/p>\n<p>C\u2019est une adresse tr\u00e8s pris\u00e9e d\u00e8s le retour des beaux jours. Situ\u00e9 \u00e0 <strong>Montastruc-la-Conseill\u00e8re<\/strong> (Haute-Garonne), \u00e0 environ 20 minutes en voiture de la Ville rose, le Domaine Py-r, le restaurant d\u2019\u00e9t\u00e9 du chef doublement \u00e9toil\u00e9 <strong>Pierre Lambinon<\/strong>, rouvre ses portes pour <strong>une troisi\u00e8me saison<\/strong>, samedi 17 mai 2025.\u00a0<\/p>\n<p>Le retour du restaurant \u00e9ph\u00e9m\u00e8re de Pierre Lambinon\u00a0<br \/>\n    <img   decoding=\"async\" loading=\"lazy\" src=\"https:\/\/www.europesays.com\/fr\/wp-content\/uploads\/2025\/05\/j6a8204-960x640.jpg\" alt=\"Le Domaine Py-R, le restaurant d'\u00e9t\u00e9 du chef deux \u00e9toiles Pierre Lambinon, rouvre pour une deuxi\u00e8me saison. \" width=\"960\" height=\"640\"\/><br \/>\n    Le Domaine Py-R, le restaurant d\u2019\u00e9t\u00e9 du chef deux \u00e9toiles Pierre Lambinon. (\u00a9Mathieu Pujol)<\/p>\n<p class=\" wall-content\">Le cadre n\u2019a pas chang\u00e9 : il est toujours aussi \u00e9poustouflant ! Car le <strong>Domaine Py-r<\/strong>, c\u2019est d\u2019abord un lieu : <strong>une magnifique propri\u00e9t\u00e9<\/strong> situ\u00e9e en pleine nature, \u00e0 l\u2019\u00e9cart de l\u2019agitation, au milieu des ch\u00eanes centenaires\u2026 et avec vue splendide sur la campagne environnante.\u00a0<\/p>\n<p class=\" wall-content\">Au-del\u00e0 du cadre, c\u2019est aussi un lieu appr\u00e9ci\u00e9 des fins gourmets. Car c\u00f4t\u00e9 cuisine, Pierre Lambinon souhaite continuer \u00e0 apporter sa signature : <strong>une touche gastronomique<\/strong> aux mets propos\u00e9s aux convives. \u00ab\u00a0On est tr\u00e8s heureux de rouvrir et on aborde cette saison avec beaucoup d\u2019optimisme, avec <strong>l\u2019envie d\u2019\u00eatre encore meilleurs<\/strong> que l\u2019an pass\u00e9 !\u00a0\u00bb, confie le chef deux \u00e9toiles \u00e0 Actu Toulouse.\u00a0<\/p>\n<p>Vid\u00e9os : en ce moment sur ActuUne carte tourn\u00e9e vers le partage qui \u00ab\u00a0monte en qualit\u00e9\u00a0\u00bb<br \/>\n    <img   decoding=\"async\" loading=\"lazy\" src=\"https:\/\/www.europesays.com\/fr\/wp-content\/uploads\/2025\/05\/portrait-du-chef-8-2-960x640.jpg\" alt=\"Pierre Lambinon ouvre un nouveau restaurant cet \u00e9t\u00e9. \" width=\"960\" height=\"640\"\/><br \/>\n    Le chef \u00e9toil\u00e9 Pierre Lambinon, \u00e0 Toulouse. (\u00a9Le Chef Magazine)<\/p>\n<p class=\" wall-content\">\u00ab\u00a0C\u2019est un lieu qui nous pla\u00eet beaucoup car il a <strong>un fort potentiel<\/strong>. On a encore am\u00e9lior\u00e9 et embelli les espaces ext\u00e9rieurs pendant tout l\u2019hiver afin d\u2019offrir la meilleure exp\u00e9rience possible \u00e0 nos clients. Cette saison, on monte encore en qualit\u00e9 par rapport aux \u00e9t\u00e9s pr\u00e9c\u00e9dents mais sans changer de style. La carte est toujours <strong>tourn\u00e9e vers le partage<\/strong> avec des plats encore plus travaill\u00e9s. On reste sur <strong>des prix toujours abordables<\/strong>, avec un ticket moyen qui tournera entre 50 et 60 euros\u00a0\u00bb par personne, d\u00e9taille son associ\u00e9 de toujours, <strong>Xavier Saffon-Peres<\/strong>.\u00a0<\/p>\n<p>Grillades, brunch, produits de la mer<br \/>\n    <img   decoding=\"async\" loading=\"lazy\" src=\"https:\/\/www.europesays.com\/fr\/wp-content\/uploads\/2025\/05\/domaine-pyr-toulouse-960x640.jpg\" alt=\"Le restaurant d'\u00e9t\u00e9 de Pierre Lambinon peut accueillir une centaine de convives. \" width=\"960\" height=\"640\"\/><br \/>\n    Le restaurant d\u2019\u00e9t\u00e9 de Pierre Lambinon peut accueillir une centaine de convives. (\u00a9Mathieu Pujol)<\/p>\n<p class=\" wall-content\">Les incontournables <strong>grillades au brasero<\/strong> seront de retour, tout comme les produits de la mer ou encore le <strong>fameux brunch<\/strong> du dimanche, dont la r\u00e9putation n\u2019est plus \u00e0 faire (il est conseill\u00e9 de r\u00e9server \u00e0 l\u2019avance !). Des <strong>nouveaut\u00e9s<\/strong> sont \u00e9galement \u00e0 la carte, mais Pierre Lambinon pr\u00e9f\u00e8re ne pas trop en dire pour r\u00e9server la surprise \u00e0 ses clients.<\/p>\n<p class=\" wall-content\">Pour r\u00e9galer les convives, le chef \u00e9toil\u00e9 \u2013 \u00ab\u00a0ancr\u00e9 au Py-r\u00a0\u00bb (son restaurant deux \u00e9toiles situ\u00e9 au centre-ville de Toulouse) \u2013 a fait confiance \u00e0 Simon Laumond, qui dirigera la cuisine.<\/p>\n<p>Un restaurant bient\u00f4t ouvert \u00e0 l\u2019ann\u00e9e ?\u00a0<br \/>\n    <img   decoding=\"async\" loading=\"lazy\" src=\"https:\/\/www.europesays.com\/fr\/wp-content\/uploads\/2025\/05\/lambinon-960x640.jpg\" alt=\"La b\u00e2tisse est une jolie maison de ma\u00eetre. \" width=\"960\" height=\"640\"\/><br \/>\n    Une jolie maison de ma\u00eetre est \u00e0 d\u00e9couvrir au Domaine Py-r, qui pourrait ouvrir \u00e0 l\u2019ann\u00e9e un jour. (\u00a9Mathieu Pujol)<\/p>\n<p class=\" wall-content\">Le restaurant d\u2019\u00e9t\u00e9 de Pierre Lambinon restera ouvert jusqu\u2019\u00e0 la fin des beaux jours\u2026 Quant \u00e0 l\u2019envie \u2013 d\u00e9j\u00e0 affirm\u00e9e\u00a0 \u2013 <strong>d\u2019ouvrir le Domaine Py-r \u00e0 l\u2019ann\u00e9e<\/strong>, elle est toujours d\u2019actualit\u00e9, assure le chef toulousain. \u00ab\u00a0C\u2019est toujours notre objectif mais on pr\u00e9f\u00e8re avancer pas \u00e0 pas sur ce projet, avec l\u2019envie de faire les choses bien dans ce lieu exceptionnel\u00a0\u00bb. Patience, donc !\u00a0<\/p>\n<p>Le Domaine Py-r. Lieu dit Esquirolis, route de Roqueseri\u00e8re, 31380 Montastruc-la-Conseill\u00e8re. Restaurant d\u2019\u00e9t\u00e9 en ext\u00e9rieur ouvert du mercredi au dimanche. Plus d\u2019infos <a href=\"https:\/\/www.py-r.com\/DomainePy-R.html\" target=\"_blank\" rel=\"noopener\">sur\u00a0le site Internet<\/a> du restaurant.<\/p>\n<p class=\" wall-content\">Suivez toute l\u2019actualit\u00e9 de vos villes et m\u00e9dias favoris en vous inscrivant \u00e0 <a href=\"https:\/\/moncompte.actu.fr\" title=\"D\u00e9couvez Mon Actu\" rel=\"nofollow noopener\" data-trk=\"{&quot;cta&quot;:{&quot;action&quot;:&quot;https:\\\/\\\/moncompte.actu.fr&quot;,&quot;category&quot;:&quot;mon compte&quot;,&quot;from&quot;:&quot;article footer&quot;,&quot;name&quot;:&quot;Mon actu&quot;,&quot;type&quot;:&quot;cta&quot;}}\" target=\"_blank\">Mon Actu<\/a>.<\/p>\n<ul class=\"ac-article-tag wall-content\">\n<li><a href=\"https:\/\/actu.fr\/tag\/guide-michelin\" data-trk=\"{&quot;cta&quot;:{&quot;action&quot;:&quot;Guide Michelin&quot;,&quot;category&quot;:&quot;tag&quot;,&quot;from&quot;:&quot;article footer&quot;,&quot;name&quot;:&quot;Guide Michelin&quot;,&quot;type&quot;:&quot;cta&quot;}}\" target=\"_blank\" rel=\"noopener\">#Guide Michelin<\/a><\/li>\n<li><a href=\"https:\/\/actu.fr\/tag\/restaurants-de-toulouse\" data-trk=\"{&quot;cta&quot;:{&quot;action&quot;:&quot;Restaurants de Toulouse&quot;,&quot;category&quot;:&quot;tag&quot;,&quot;from&quot;:&quot;article footer&quot;,&quot;name&quot;:&quot;Restaurants de Toulouse&quot;,&quot;type&quot;:&quot;cta&quot;}}\" target=\"_blank\" rel=\"noopener\">#Restaurants de Toulouse<\/a><\/li>\n<\/ul>\n","protected":false},"excerpt":{"rendered":"Par Gabriel Kenedi Publi\u00e9 le 17 mai 2025 \u00e0 11h26 C\u2019est une adresse tr\u00e8s pris\u00e9e d\u00e8s le retour&hellip;\n","protected":false},"author":2,"featured_media":107044,"comment_status":"","ping_status":"","sticky":false,"template":"","format":"standard","meta":{"footnotes":""},"categories":[2816],"tags":[1111,11,1777,674,1011,27,493,1652,12,2680,25,2850,2312],"class_list":{"0":"post-107043","1":"post","2":"type-post","3":"status-publish","4":"format-standard","5":"has-post-thumbnail","7":"category-toulouse","8":"tag-actu","9":"tag-actualites","10":"tag-eu","11":"tag-europe","12":"tag-fr","13":"tag-france","14":"tag-guide-michelin","15":"tag-loisirs-culture","16":"tag-news","17":"tag-occitanie","18":"tag-republique-francaise","19":"tag-restaurants-de-toulouse","20":"tag-toulouse"},"share_on_mastodon":{"url":"https:\/\/pubeurope.com\/@fr\/114523397471096109","error":""},"_links":{"self":[{"href":"https:\/\/www.europesays.com\/fr\/wp-json\/wp\/v2\/posts\/107043","targetHints":{"allow":["GET"]}}],"collection":[{"href":"https:\/\/www.europesays.com\/fr\/wp-json\/wp\/v2\/posts"}],"about":[{"href":"https:\/\/www.europesays.com\/fr\/wp-json\/wp\/v2\/types\/post"}],"author":[{"embeddable":true,"href":"https:\/\/www.europesays.com\/fr\/wp-json\/wp\/v2\/users\/2"}],"replies":[{"embeddable":true,"href":"https:\/\/www.europesays.com\/fr\/wp-json\/wp\/v2\/comments?post=107043"}],"version-history":[{"count":0,"href":"https:\/\/www.europesays.com\/fr\/wp-json\/wp\/v2\/posts\/107043\/revisions"}],"wp:featuredmedia":[{"embeddable":true,"href":"https:\/\/www.europesays.com\/fr\/wp-json\/wp\/v2\/media\/107044"}],"wp:attachment":[{"href":"https:\/\/www.europesays.com\/fr\/wp-json\/wp\/v2\/media?parent=107043"}],"wp:term":[{"taxonomy":"category","embeddable":true,"href":"https:\/\/www.europesays.com\/fr\/wp-json\/wp\/v2\/categories?post=107043"},{"taxonomy":"post_tag","embeddable":true,"href":"https:\/\/www.europesays.com\/fr\/wp-json\/wp\/v2\/tags?post=107043"}],"curies":[{"name":"wp","href":"https:\/\/api.w.org\/{rel}","templated":true}]}}