{"id":1070495,"date":"2026-07-17T12:24:21","date_gmt":"2026-07-17T12:24:21","guid":{"rendered":"https:\/\/www.europesays.com\/fr\/1070495\/"},"modified":"2026-07-17T12:24:21","modified_gmt":"2026-07-17T12:24:21","slug":"etats-unis-un-garcon-de-4-ans-trouve-une-arme-dans-une-voiture-et-tue-accidentellement-son-cousin-de-2-ans","status":"publish","type":"post","link":"https:\/\/www.europesays.com\/fr\/1070495\/","title":{"rendered":"Etats-Unis\u00a0: Un gar\u00e7on de 4 ans trouve une arme dans une voiture et tue accidentellement son cousin de 2 ans"},"content":{"rendered":"<p>Il allait f\u00eater son troisi\u00e8me anniversaire dans quelques jours. Dimanche, un <a href=\"https:\/\/www.20minutes.fr\/dossier\/enfant\" class=\"c-link c-link--is-underlined\" rel=\"nofollow noopener\" target=\"_blank\">enfant<\/a> de 2 ans a \u00e9t\u00e9 tu\u00e9 par balle en Floride (<a href=\"https:\/\/www.20minutes.fr\/monde\/etats-unis\/\" class=\"c-link c-link--is-underlined\" rel=\"nofollow noopener\" target=\"_blank\">Etats-Unis<\/a>). Selon les autorit\u00e9s locales cit\u00e9es par <a href=\"https:\/\/abcnews.com\/US\/4-year-shoots-kills-2-year-gun-left\/story?id=134781342\" target=\"_blank\" class=\"c-link c-link--is-underlined\" rel=\"nofollow noopener\">ABC News<\/a>, c\u2019est son cousin, \u00e2g\u00e9 de 4 ans, qui l\u2019a accidentellement abattu apr\u00e8s avoir trouv\u00e9 une <a href=\"https:\/\/www.20minutes.fr\/dossier\/armes\" class=\"c-link c-link--is-underlined\" rel=\"nofollow noopener\" target=\"_blank\">arme<\/a> laiss\u00e9e sans surveillance dans une voiture.<\/p>\n<p>Les policiers ont \u00e9t\u00e9 alert\u00e9s dimanche apr\u00e8s-midi et se sont aussit\u00f4t rendus sur place. \u00c0 leur arriv\u00e9e, le petit gar\u00e7on, Brayden, \u00e9tait gravement bless\u00e9 par balle. Il a \u00e9t\u00e9 imm\u00e9diatement transport\u00e9 \u00e0 l\u2019h\u00f4pital mais malheureusement, les secours n\u2019ont rien pu faire. L\u2019enfant, qui aurait eu 3 ans ce mardi, a \u00e9t\u00e9 d\u00e9clar\u00e9 d\u00e9c\u00e9d\u00e9.<\/p>\n<p>\u00ab\u00a0Une trag\u00e9die inimaginable\u00a0\u00bb<\/p>\n<p>Originaire de l\u2019Etat de G\u00e9orgie, la famille avait lou\u00e9 une maison en Floride pour y passer des vacances et c\u00e9l\u00e9brer l\u2019anniversaire de\u00a0la victime. D\u2019apr\u00e8s le bureau du sh\u00e9rif, les deux enfants \u00e9taient seuls dans la voiture lorsque le gar\u00e7on de 4 ans a trouv\u00e9 l\u2019arme de la m\u00e8re de\u00a0Brayden. Il a alors tir\u00e9, tuant accidentellement son cousin.<\/p>\n<p>\u00ab\u00a0Les membres de la famille se trouvaient \u00e0 l\u2019ext\u00e9rieur de la voiture et n\u2019\u00e9taient pas encore entr\u00e9s dans la maison lorsqu\u2019ils ont entendu un coup de feu provenant de l\u2019int\u00e9rieur du v\u00e9hicule\u00a0\u00bb, a d\u00e9clar\u00e9 le bureau du sh\u00e9rif en conf\u00e9rence de presse. Il a \u00e9galement affirm\u00e9 que l\u2019arme \u00e9tait \u00ab\u00a0litt\u00e9ralement \u00e0 port\u00e9e de main\u00a0\u00bb, donc l\u2019enfant a \u00ab\u00a0facilement pu la saisir et appuyer sur la d\u00e9tente\u00a0\u00bb.<\/p>\n<p>Une <a href=\"https:\/\/www.gofundme.com\/f\/help-bring-brayden-home-swcbb?attribution_id=sl:7826f55c-cfe0-435f-9d33-4e86157ae862&amp;lang=en_US&amp;ts=1783952755&amp;utm_campaign=fp_sharesheet&amp;utm_content=amp20_t1&amp;utm_medium=customer&amp;utm_source=facebook\" target=\"_blank\" class=\"c-link c-link--is-underlined\" rel=\"nofollow noopener\">cagnotte<\/a> en ligne a\u00a0\u00e9t\u00e9 cr\u00e9\u00e9e par un proche\u00a0de la famille pour l\u2019aider notamment \u00e0 rapatrier le corps de Brayden en G\u00e9orgie. \u00ab\u00a0Il n\u2019y a pas de mots pour d\u00e9crire le chagrin que vit notre famille. Ce qui devait \u00eatre de joyeuses vacances pour c\u00e9l\u00e9brer le 3e\u00a0anniversaire du petit Brayden s\u2019est transform\u00e9 en une trag\u00e9die inimaginable\u00a0\u00bb, est-il \u00e9crit.<\/p>\n","protected":false},"excerpt":{"rendered":"Il allait f\u00eater son troisi\u00e8me anniversaire dans quelques jours. Dimanche, un enfant de 2 ans a \u00e9t\u00e9 tu\u00e9&hellip;\n","protected":false},"author":2,"featured_media":1070496,"comment_status":"","ping_status":"","sticky":false,"template":"","format":"standard","meta":{"footnotes":"","_share_on_mastodon":"0"},"categories":[5],"tags":[47,11,6376,847,73,118,1011,27,14,74,12,28],"class_list":["post-1070495","post","type-post","status-publish","format-standard","has-post-thumbnail","category-international","tag-actualite","tag-actualites","tag-armes","tag-enfant","tag-etats-unis","tag-faits-divers","tag-fr","tag-france","tag-international","tag-monde","tag-news","tag-world"],"share_on_mastodon":{"url":"https:\/\/pubeurope.com\/@fr\/116935305963065397","error":""},"_links":{"self":[{"href":"https:\/\/www.europesays.com\/fr\/wp-json\/wp\/v2\/posts\/1070495","targetHints":{"allow":["GET"]}}],"collection":[{"href":"https:\/\/www.europesays.com\/fr\/wp-json\/wp\/v2\/posts"}],"about":[{"href":"https:\/\/www.europesays.com\/fr\/wp-json\/wp\/v2\/types\/post"}],"author":[{"embeddable":true,"href":"https:\/\/www.europesays.com\/fr\/wp-json\/wp\/v2\/users\/2"}],"replies":[{"embeddable":true,"href":"https:\/\/www.europesays.com\/fr\/wp-json\/wp\/v2\/comments?post=1070495"}],"version-history":[{"count":0,"href":"https:\/\/www.europesays.com\/fr\/wp-json\/wp\/v2\/posts\/1070495\/revisions"}],"wp:featuredmedia":[{"embeddable":true,"href":"https:\/\/www.europesays.com\/fr\/wp-json\/wp\/v2\/media\/1070496"}],"wp:attachment":[{"href":"https:\/\/www.europesays.com\/fr\/wp-json\/wp\/v2\/media?parent=1070495"}],"wp:term":[{"taxonomy":"category","embeddable":true,"href":"https:\/\/www.europesays.com\/fr\/wp-json\/wp\/v2\/categories?post=1070495"},{"taxonomy":"post_tag","embeddable":true,"href":"https:\/\/www.europesays.com\/fr\/wp-json\/wp\/v2\/tags?post=1070495"}],"curies":[{"name":"wp","href":"https:\/\/api.w.org\/{rel}","templated":true}]}}