{"id":107052,"date":"2025-05-17T13:30:17","date_gmt":"2025-05-17T13:30:17","guid":{"rendered":"https:\/\/www.europesays.com\/fr\/107052\/"},"modified":"2025-05-17T13:30:17","modified_gmt":"2025-05-17T13:30:17","slug":"il-devait-se-produire-a-lyon-ce-samedi","status":"publish","type":"post","link":"https:\/\/www.europesays.com\/fr\/107052\/","title":{"rendered":"il devait se produire \u00e0 Lyon ce samedi"},"content":{"rendered":"<p>Le rappeur Werenoi est d\u00e9c\u00e9d\u00e9 \u00e0 31 ans : il devait se produire \u00e0 Lyon ce samedi &#8211; DR<\/p>\n<p itemprop=\"description\"><strong>Le d\u00e9c\u00e8s du rappeur Werenoi a \u00e9t\u00e9 confirm\u00e9 ce samedi.<\/strong><\/p>\n<p>Le rappeur Werenoi, de son vrai nom J\u00e9r\u00e9my Bana Owona, est mort dans la nuit de vendredi 16 au samedi 17 mai \u00e0 Paris \u00e0 l\u2019\u00e2ge de 31 ans. L\u2019artiste, r\u00e9v\u00e9l\u00e9 en 2021 et devenu l\u2019un des plus gros vendeurs de disques en France, devait se produire en showcase le soir-m\u00eame au Azar club de Lyon.<\/p>\n<p>L&rsquo;\u00e9tablissement \u00e0 d&rsquo;ailleurs r\u00e9agit sur ses r\u00e9seaux sociaux en apportant son soutien \u00e0 ses proches : \u00ab\u00a0Nous gardons en m\u00e9moire le talent, la force et l&rsquo;authenticit\u00e9 d&rsquo;un artiste qui a marqu\u00e9 son \u00e9poque. Toutes nos pens\u00e9es accompagnent sa famille, ses proches et ses \u00e9quipes.\u00a0\u00bb<\/p>\n<p style=\"text-align:center\"><img loading=\"lazy\" decoding=\"async\" alt=\"\" height=\"500\" src=\"https:\/\/www.europesays.com\/fr\/wp-content\/uploads\/2025\/05\/img-2099.jpg\" width=\"400\"\/><\/p>\n<p>Vendredi, les organisateurs de la soir\u00e9e avaient annonc\u00e9 sur Instagram l\u2019annulation de l\u2019\u00e9v\u00e9nement \u00ab\u00a0en raison d\u2019un incident tr\u00e8s grave\u00a0\u00bb. Une communication rest\u00e9e floue, qui avait aliment\u00e9 les inqui\u00e9tudes sur son \u00e9tat de sant\u00e9. Le d\u00e9c\u00e8s du rappeur, survenu \u00e0 l\u2019h\u00f4pital de la Piti\u00e9-Salp\u00eatri\u00e8re des suites d\u2019un arr\u00eat cardio-respiratoire, a \u00e9t\u00e9 confirm\u00e9 ce samedi matin par son producteur sur les r\u00e9seaux sociaux.<\/p>\n<p>Originaire de Montreuil, Werenoi s\u2019\u00e9tait impos\u00e9 en seulement trois ans dans le paysage du rap francophone. Apr\u00e8s un premier succ\u00e8s avec\u00a0Guadalajara\u00a0(2021), il avait encha\u00een\u00e9 avec\u00a0Telegram\u00a0(2022), puis l\u2019album\u00a0Carr\u00e9\u00a0(2023), certifi\u00e9 disque de platine. En 2024, il \u00e9tait num\u00e9ro 1 des ventes avec\u00a0Pyramide.<\/p>\n<p>La disparition soudaine du rappeur a suscit\u00e9 une vive \u00e9motion dans le milieu musical. Son producteur, Babs, a publi\u00e9 un message sobre sur X : \u00ab\u00a0Repose en paix mon fr\u00e8re je t\u2019aime.\u00a0\u00bb<\/p>\n<blockquote class=\"twitter-tweet\"><p>&#13;<\/p>\n<p dir=\"ltr\" lang=\"fr\">Repose en paix mon fr\u00e8re je t aime !!!<\/p>\n<p>&#13;<br \/>\n\u2014 Babs -Plr Music (@PlrMusic) <a href=\"https:\/\/twitter.com\/PlrMusic\/status\/1923678408145338549?ref_src=twsrc%5Etfw\" target=\"_blank\" rel=\"noopener\">May 17, 2025<\/a><\/p><\/blockquote>\n<p>\t\t  <script async src=\"https:\/\/platform.twitter.com\/widgets.js\" charset=\"utf-8\"><\/script><\/p>\n","protected":false},"excerpt":{"rendered":"Le rappeur Werenoi est d\u00e9c\u00e9d\u00e9 \u00e0 31 ans : il devait se produire \u00e0 Lyon ce samedi &#8211;&hellip;\n","protected":false},"author":2,"featured_media":107053,"comment_status":"","ping_status":"","sticky":false,"template":"","format":"standard","meta":{"footnotes":""},"categories":[1889],"tags":[1111,11,2813,2190,2430,1109,251,1112,2811,1777,674,118,1011,27,1922,1110,1114,2428,2810,12,241,316,25,2812,517,800],"class_list":{"0":"post-107052","1":"post","2":"type-post","3":"status-publish","4":"format-standard","5":"has-post-thumbnail","7":"category-lyon","8":"tag-actu","9":"tag-actualites","10":"tag-article","11":"tag-asvel","12":"tag-auvergne-rhone-alpes","13":"tag-breves","14":"tag-culture","15":"tag-depeches","16":"tag-economique","17":"tag-eu","18":"tag-europe","19":"tag-faits-divers","20":"tag-fr","21":"tag-france","22":"tag-info","23":"tag-informations","24":"tag-infos","25":"tag-lyon","26":"tag-lyonmag","27":"tag-news","28":"tag-ol","29":"tag-politique","30":"tag-republique-francaise","31":"tag-sociale","32":"tag-sport","33":"tag-transports"},"share_on_mastodon":{"url":"https:\/\/pubeurope.com\/@fr\/114523421065518911","error":""},"_links":{"self":[{"href":"https:\/\/www.europesays.com\/fr\/wp-json\/wp\/v2\/posts\/107052","targetHints":{"allow":["GET"]}}],"collection":[{"href":"https:\/\/www.europesays.com\/fr\/wp-json\/wp\/v2\/posts"}],"about":[{"href":"https:\/\/www.europesays.com\/fr\/wp-json\/wp\/v2\/types\/post"}],"author":[{"embeddable":true,"href":"https:\/\/www.europesays.com\/fr\/wp-json\/wp\/v2\/users\/2"}],"replies":[{"embeddable":true,"href":"https:\/\/www.europesays.com\/fr\/wp-json\/wp\/v2\/comments?post=107052"}],"version-history":[{"count":0,"href":"https:\/\/www.europesays.com\/fr\/wp-json\/wp\/v2\/posts\/107052\/revisions"}],"wp:featuredmedia":[{"embeddable":true,"href":"https:\/\/www.europesays.com\/fr\/wp-json\/wp\/v2\/media\/107053"}],"wp:attachment":[{"href":"https:\/\/www.europesays.com\/fr\/wp-json\/wp\/v2\/media?parent=107052"}],"wp:term":[{"taxonomy":"category","embeddable":true,"href":"https:\/\/www.europesays.com\/fr\/wp-json\/wp\/v2\/categories?post=107052"},{"taxonomy":"post_tag","embeddable":true,"href":"https:\/\/www.europesays.com\/fr\/wp-json\/wp\/v2\/tags?post=107052"}],"curies":[{"name":"wp","href":"https:\/\/api.w.org\/{rel}","templated":true}]}}