{"id":1070549,"date":"2026-07-17T12:55:36","date_gmt":"2026-07-17T12:55:36","guid":{"rendered":"https:\/\/www.europesays.com\/fr\/1070549\/"},"modified":"2026-07-17T12:55:36","modified_gmt":"2026-07-17T12:55:36","slug":"vetraz-monthoux-de-retour-de-tournee-le-choeur-anguelos-fait-halte-dans-la-commune","status":"publish","type":"post","link":"https:\/\/www.europesays.com\/fr\/1070549\/","title":{"rendered":"V\u00e9traz-Monthoux. De retour de tourn\u00e9e, le ch\u0153ur Anguelos fait halte dans la commune"},"content":{"rendered":"<p>Ce lundi 20\u00a0juillet d\u00e8s 19\u00a0heures, le ch\u0153ur Anguelos donnera un concert en l\u2019\u00e9glise Saint-Pierre et Paul de V\u00e9traz-Monthoux. Les choristes reviennent d\u2019une tourn\u00e9e europ\u00e9enne\u00a0: France, Benelux, Pays-Bas, Allemagne et Suisse, avec un programme tr\u00e8s diversifi\u00e9.<\/p>\n<p>La formation est rattach\u00e9e \u00e0 l\u2019\u00e9tablissement priv\u00e9 Chevreul Blancarde \u00e0 Marseille, lui-m\u00eame membre du r\u00e9seau de la Compagnie de Marie Notre-Dame, au sein de l\u2019Enseignement catholique. Le ch\u0153ur Anguelos a \u00e9t\u00e9 fond\u00e9 en 1987 et rassemble des adolescents avec les m\u00eames exigences que les choristes adultes. Association de loi 1901, il est administr\u00e9 par des parents.<\/p>\n<p>Au fil de temps, la chorale a b\u00e9n\u00e9fici\u00e9 d\u2019une reconnaissance pour la qualit\u00e9 de son travail vocal. Depuis 1999, elle est affili\u00e9e au mouvement \u00c0 C\u0153ur Joie, constitu\u00e9 de chorales et d\u2019individus souhaitant unir leurs talents au service du chant choral. Avec une moyenne de vingt \u00e0 vingt-cinq concerts par an, leur r\u00e9pertoire va du chant gr\u00e9gorien aux chants de No\u00ebl proven\u00e7aux, en passant par les gospels et polyphonies modernes.<\/p>\n<p>  Passage de la flamme olympique \u00e0 Marseille, Notre-Dame de Paris\u2026 il y \u00e9tait<\/p>\n<p>Ils participent g\u00e9n\u00e9ralement \u00e0 de nombreux \u00e9v\u00e9nements comme l\u2019arriv\u00e9e de la flamme olympique \u00e0 Marseille en 2024 ou le rassemblement de la compagnie Marie Notre-Dame, o\u00f9 plus de 400 choristes ont chant\u00e9 \u00e0 Notre-Dame de Paris pour une messe, suivie d\u2019un concert en l\u2019\u00e9glise Saint-Sulpice. Ils s\u2019impliquent dans les c\u00e9r\u00e9monies comm\u00e9moratives pour des \u0153uvres li\u00e9es \u00e0 l\u2019histoire et la m\u00e9moire collective\u00a0: la Marseillaise, Le chant des partisans, Le chant du d\u00e9part \u2026 Ils s\u2019investissent aussi dans des actions sociales en allant chanter, par exemple, dans des Ehpads. Ils ont d\u00e9j\u00e0 aussi enregistr\u00e9 plusieurs CDs.<\/p>\n<p>Yoann Pourre, chef de ch\u0153ur, pianiste, compositeur et \u00e9galement chanteur, a pris en charge, depuis la saison 2022-2023, la direction musicale de la formation. Rappelons qu\u2019il est le directeur musical de la chorale de la commune Les Copains d\u2019Abord. Il dirigera le concert ce 20\u00a0juillet. Le prochain concert d\u2019Anguelos aura lieu ce mercredi\u00a0\u00e0 19\u00a0h\u00a015 \u00e0 la Basilique Notre-Dame de Gen\u00e8ve (place de Cornavin).<\/p>\n","protected":false},"excerpt":{"rendered":"Ce lundi 20\u00a0juillet d\u00e8s 19\u00a0heures, le ch\u0153ur Anguelos donnera un concert en l\u2019\u00e9glise Saint-Pierre et Paul de V\u00e9traz-Monthoux.&hellip;\n","protected":false},"author":2,"featured_media":1070550,"comment_status":"","ping_status":"","sticky":false,"template":"","format":"standard","meta":{"footnotes":"","_share_on_mastodon":"0"},"categories":[2814],"tags":[1111,11,4635,1687,4637,1777,674,1011,27,4638,884,873,12,882,25,110820],"class_list":["post-1070549","post","type-post","status-publish","format-standard","has-post-thumbnail","category-marseille","tag-actu","tag-actualites","tag-annemasse-agglomeration","tag-culture-loisirs","tag-edition-grand-geneve-chablais-ain","tag-eu","tag-europe","tag-fr","tag-france","tag-haute-savoie","tag-marseille","tag-musique","tag-news","tag-provence-alpes-cote-dazur","tag-republique-francaise","tag-vetraz-monthoux"],"share_on_mastodon":{"url":"https:\/\/pubeurope.com\/@fr\/116935427759516091","error":""},"_links":{"self":[{"href":"https:\/\/www.europesays.com\/fr\/wp-json\/wp\/v2\/posts\/1070549","targetHints":{"allow":["GET"]}}],"collection":[{"href":"https:\/\/www.europesays.com\/fr\/wp-json\/wp\/v2\/posts"}],"about":[{"href":"https:\/\/www.europesays.com\/fr\/wp-json\/wp\/v2\/types\/post"}],"author":[{"embeddable":true,"href":"https:\/\/www.europesays.com\/fr\/wp-json\/wp\/v2\/users\/2"}],"replies":[{"embeddable":true,"href":"https:\/\/www.europesays.com\/fr\/wp-json\/wp\/v2\/comments?post=1070549"}],"version-history":[{"count":0,"href":"https:\/\/www.europesays.com\/fr\/wp-json\/wp\/v2\/posts\/1070549\/revisions"}],"wp:featuredmedia":[{"embeddable":true,"href":"https:\/\/www.europesays.com\/fr\/wp-json\/wp\/v2\/media\/1070550"}],"wp:attachment":[{"href":"https:\/\/www.europesays.com\/fr\/wp-json\/wp\/v2\/media?parent=1070549"}],"wp:term":[{"taxonomy":"category","embeddable":true,"href":"https:\/\/www.europesays.com\/fr\/wp-json\/wp\/v2\/categories?post=1070549"},{"taxonomy":"post_tag","embeddable":true,"href":"https:\/\/www.europesays.com\/fr\/wp-json\/wp\/v2\/tags?post=1070549"}],"curies":[{"name":"wp","href":"https:\/\/api.w.org\/{rel}","templated":true}]}}