{"id":107056,"date":"2025-05-17T13:34:11","date_gmt":"2025-05-17T13:34:11","guid":{"rendered":"https:\/\/www.europesays.com\/fr\/107056\/"},"modified":"2025-05-17T13:34:11","modified_gmt":"2025-05-17T13:34:11","slug":"tennis-tv-paris-sur-quelle-chaine-et-quand-regarder-les-demies-du-trophee-clarins","status":"publish","type":"post","link":"https:\/\/www.europesays.com\/fr\/107056\/","title":{"rendered":"Tennis. TV &#8211; Paris &#8211; Sur quelle cha\u00eene et quand regarder les demies du Troph\u00e9e Clarins ?"},"content":{"rendered":"<p><strong><a href=\"https:\/\/www.tennisactu.net\/..\/news-wta-paris-gracheva-jacquemot-paquet-belgraver-qui-ira-en-demies-116088.html\" target=\"_blank\" rel=\"noopener\">Le Troph\u00e9e Clarins<\/a><\/strong>, qui se d\u00e9roule cette semaine dans le cadre magnifique du\u00a0<strong>Lagard\u00e8re Paris Racing<\/strong>, en plein bois de Boulogne, sert de pr\u00e9paration pour\u00a0<strong>Roland-Garros<\/strong>. Deux Fran\u00e7aises sont au rendez-vous des demi-finales ce samedi.\u00a0La num\u00e9ro 1 tricolore\u00a0<strong>Varvara Gracheva <\/strong>et <strong>Chlo\u00e9 Paquet.\u00a0<\/strong>Mais sur quelle cha\u00eene TV regarder les quarts du\u00a0<strong>WTA 125 de Paris<\/strong>\u00a0en France ?<\/p>\n<p>Vid\u00e9o &#8211; L&rsquo;ENTRETIEN Lois Boisson, bless\u00e9e au Troph\u00e9e Clarins 2024 Lire la suite de l&rsquo;article&#13;<\/p>\n<p>Le\u00a0<strong>Troph\u00e9e Clarins<\/strong>\u00a0est \u00e0 suivre sur les antennes de\u00a0beIN Sports. Ce samedi, les rencontres sont diffus\u00e9es \u00e0 partir de 14h30 sur\u00a0beIN Sports Max 4.<\/p>\n","protected":false},"excerpt":{"rendered":"Le Troph\u00e9e Clarins, qui se d\u00e9roule cette semaine dans le cadre magnifique du\u00a0Lagard\u00e8re Paris Racing, en plein bois&hellip;\n","protected":false},"author":2,"featured_media":107057,"comment_status":"","ping_status":"","sticky":false,"template":"","format":"standard","meta":{"footnotes":""},"categories":[1888],"tags":[1111,1928,47,11,1927,4169,1777,674,1011,27,955,12,1926,626,1925,25,1467,22441,4170],"class_list":{"0":"post-107056","1":"post","2":"type-post","3":"status-publish","4":"format-standard","5":"has-post-thumbnail","7":"category-paris","8":"tag-actu","9":"tag-actu-paris","10":"tag-actualite","11":"tag-actualites","12":"tag-actualites-paris","13":"tag-atp","14":"tag-eu","15":"tag-europe","16":"tag-fr","17":"tag-france","18":"tag-match","19":"tag-news","20":"tag-news-paris","21":"tag-paris","22":"tag-paris-news","23":"tag-republique-francaise","24":"tag-tennis","25":"tag-tv-paris","26":"tag-wta"},"share_on_mastodon":{"url":"https:\/\/pubeurope.com\/@fr\/114523436826953483","error":""},"_links":{"self":[{"href":"https:\/\/www.europesays.com\/fr\/wp-json\/wp\/v2\/posts\/107056","targetHints":{"allow":["GET"]}}],"collection":[{"href":"https:\/\/www.europesays.com\/fr\/wp-json\/wp\/v2\/posts"}],"about":[{"href":"https:\/\/www.europesays.com\/fr\/wp-json\/wp\/v2\/types\/post"}],"author":[{"embeddable":true,"href":"https:\/\/www.europesays.com\/fr\/wp-json\/wp\/v2\/users\/2"}],"replies":[{"embeddable":true,"href":"https:\/\/www.europesays.com\/fr\/wp-json\/wp\/v2\/comments?post=107056"}],"version-history":[{"count":0,"href":"https:\/\/www.europesays.com\/fr\/wp-json\/wp\/v2\/posts\/107056\/revisions"}],"wp:featuredmedia":[{"embeddable":true,"href":"https:\/\/www.europesays.com\/fr\/wp-json\/wp\/v2\/media\/107057"}],"wp:attachment":[{"href":"https:\/\/www.europesays.com\/fr\/wp-json\/wp\/v2\/media?parent=107056"}],"wp:term":[{"taxonomy":"category","embeddable":true,"href":"https:\/\/www.europesays.com\/fr\/wp-json\/wp\/v2\/categories?post=107056"},{"taxonomy":"post_tag","embeddable":true,"href":"https:\/\/www.europesays.com\/fr\/wp-json\/wp\/v2\/tags?post=107056"}],"curies":[{"name":"wp","href":"https:\/\/api.w.org\/{rel}","templated":true}]}}