{"id":107060,"date":"2025-05-17T13:36:13","date_gmt":"2025-05-17T13:36:13","guid":{"rendered":"https:\/\/www.europesays.com\/fr\/107060\/"},"modified":"2025-05-17T13:36:13","modified_gmt":"2025-05-17T13:36:13","slug":"grand-steeple-chase-de-paris-fractures-rythme-cardiaque-a-200-le-prix-de-la-victoire-pour-les-jockeys","status":"publish","type":"post","link":"https:\/\/www.europesays.com\/fr\/107060\/","title":{"rendered":"Grand Steeple-Chase de Paris\u00a0: fractures, rythme cardiaque \u00e0 200\u2026 le prix de la victoire pour les jockeys"},"content":{"rendered":"<p class=\"paragraph text_align_left\">Rupture des ligaments crois\u00e9s du genou, c\u00f4tes, dents et nez cass\u00e9s, fractures du rein, de la rate, des m\u00e9tacarpes, de la clavicule ou encore de l\u2019omoplate. Ceci est la liste non exhaustive des blessures du jockey <a href=\"https:\/\/www.leparisien.fr\/sports\/hippisme\/cette-course-cest-toute-mon-enfance-thomas-beaurain-decroche-son-premier-groupe-i-et-rend-hommage-a-son-pere-17-11-2024-KV32NJZ4BREKZACBXVS4PAOEJI.php\" target=\"_blank\" rel=\"noopener\">Thomas Beaurain<\/a>, lequel sera associ\u00e9 au favori et tenant du titre du <a href=\"https:\/\/www.leparisien.fr\/sports\/hippisme\/grand-steeple-chase-de-paris-6-000-m-eprouvants-23-obstacles-exigeants-la-securite-au-coeur-de-la-course-19-05-2024-FGCLAWNKQVGKHL2KWANMDF65JM.php\" target=\"_blank\" rel=\"noopener\">Grand Steeple-Chase de Paris<\/a>, <a href=\"https:\/\/www.leparisien.fr\/sports\/hippisme\/grand-steeple-chase-de-paris-cest-dingue-de-gagner-trois-fois-cette-course-exulte-louisa-carberry-19-05-2024-GIDVAQZ6UFBY3IP3EVFPSOQMEU.php\" target=\"_blank\" rel=\"noopener\">Gran Diose<\/a>, ce dimanche (16 heures) sur l\u2019hippodrome d\u2019Auteuil.<\/p>\n","protected":false},"excerpt":{"rendered":"Rupture des ligaments crois\u00e9s du genou, c\u00f4tes, dents et nez cass\u00e9s, fractures du rein, de la rate, des&hellip;\n","protected":false},"author":2,"featured_media":107061,"comment_status":"","ping_status":"","sticky":false,"template":"","format":"standard","meta":{"footnotes":""},"categories":[1888],"tags":[11,1777,674,1011,27,11462,12,626,25,60],"class_list":{"0":"post-107060","1":"post","2":"type-post","3":"status-publish","4":"format-standard","5":"has-post-thumbnail","7":"category-paris","8":"tag-actualites","9":"tag-eu","10":"tag-europe","11":"tag-fr","12":"tag-france","13":"tag-hippisme","14":"tag-news","15":"tag-paris","16":"tag-republique-francaise","17":"tag-sports"},"share_on_mastodon":{"url":"https:\/\/pubeurope.com\/@fr\/114523444642063079","error":""},"_links":{"self":[{"href":"https:\/\/www.europesays.com\/fr\/wp-json\/wp\/v2\/posts\/107060","targetHints":{"allow":["GET"]}}],"collection":[{"href":"https:\/\/www.europesays.com\/fr\/wp-json\/wp\/v2\/posts"}],"about":[{"href":"https:\/\/www.europesays.com\/fr\/wp-json\/wp\/v2\/types\/post"}],"author":[{"embeddable":true,"href":"https:\/\/www.europesays.com\/fr\/wp-json\/wp\/v2\/users\/2"}],"replies":[{"embeddable":true,"href":"https:\/\/www.europesays.com\/fr\/wp-json\/wp\/v2\/comments?post=107060"}],"version-history":[{"count":0,"href":"https:\/\/www.europesays.com\/fr\/wp-json\/wp\/v2\/posts\/107060\/revisions"}],"wp:featuredmedia":[{"embeddable":true,"href":"https:\/\/www.europesays.com\/fr\/wp-json\/wp\/v2\/media\/107061"}],"wp:attachment":[{"href":"https:\/\/www.europesays.com\/fr\/wp-json\/wp\/v2\/media?parent=107060"}],"wp:term":[{"taxonomy":"category","embeddable":true,"href":"https:\/\/www.europesays.com\/fr\/wp-json\/wp\/v2\/categories?post=107060"},{"taxonomy":"post_tag","embeddable":true,"href":"https:\/\/www.europesays.com\/fr\/wp-json\/wp\/v2\/tags?post=107060"}],"curies":[{"name":"wp","href":"https:\/\/api.w.org\/{rel}","templated":true}]}}