{"id":1070666,"date":"2026-07-17T14:10:24","date_gmt":"2026-07-17T14:10:24","guid":{"rendered":"https:\/\/www.europesays.com\/fr\/1070666\/"},"modified":"2026-07-17T14:10:24","modified_gmt":"2026-07-17T14:10:24","slug":"marseille-un-homme-arrete-alors-quil-tentait-de-mettre-le-feu-dans-une-calanque","status":"publish","type":"post","link":"https:\/\/www.europesays.com\/fr\/1070666\/","title":{"rendered":"Marseille\u00a0: Un homme arr\u00eat\u00e9 alors qu\u2019il tentait de mettre le feu dans une calanque"},"content":{"rendered":"<p>Un homme a \u00e9t\u00e9 arr\u00eat\u00e9 mercredi soir alors qu\u2019il tentait de mettre le feu dans le 9e\u00a0arrondissement de <a href=\"https:\/\/www.20minutes.fr\/faits_divers\/faits-divers-marseille\/4232912-20260705-marseille-vieux-port-feu-neuf-personnes-blessees-deux-bateaux-detruits\" class=\"c-link c-link--is-underlined\" rel=\"nofollow noopener\" target=\"_blank\">Marseille<\/a>, \u00e0 proximit\u00e9 de la <a href=\"https:\/\/www.20minutes.fr\/faits_divers\/faits-divers-marseille\/4228134-20260609-marseille-detenu-meurt-incendie-cellule-prison-baumettes\" class=\"c-link c-link--is-underlined\" rel=\"nofollow noopener\" target=\"_blank\">prison des Baumettes<\/a> et aux portes de la <a href=\"https:\/\/www.20minutes.fr\/societe\/4229329-20260616-marseille-faut-desormais-reserver-creneau-calanques\" class=\"c-link c-link--is-underlined\" rel=\"nofollow noopener\" target=\"_blank\">calanque de Morgiou<\/a>, selon les informations de <a href=\"https:\/\/www.laprovence.com\/article\/faits-divers-justice\/7003073397148714\/un-policier-hors-service-arrete-un-incendiaire-aux-portes-des-calanques-a-marseille\" rel=\"nofollow noopener\" target=\"_blank\" class=\"c-link c-link--is-underlined\">La Provence<\/a>. L\u2019individu, \u00e2g\u00e9 de 40 ans, a \u00e9t\u00e9 surpris en flagrant d\u00e9lit en train d\u2019allumer le feu avec des branchages et des herbes s\u00e8ches, au moyen d\u2019un briquet.<\/p>\n<\/p>\n<p>Selon les informations du quotidien r\u00e9gional, l\u2019incendiaire pr\u00e9sum\u00e9 a \u00e9t\u00e9 appr\u00e9hend\u00e9 gr\u00e2ce \u00e0 un policier hors service, r\u00e9sidant dans le quartier. Ce dernier avait \u00e9t\u00e9 alert\u00e9 par des riverains, eux-m\u00eames alarm\u00e9s par l\u2019odeur et la fum\u00e9e qui commen\u00e7ait \u00e0 appara\u00eetre. Le fonctionnaire, ayant r\u00e9cup\u00e9r\u00e9 ses menottes, a suivi la fum\u00e9e et a interpell\u00e9 le suspect, pris sur le fait. Il a ensuite pr\u00e9venu ses coll\u00e8gues. <\/p>\n<p>L\u2019individu a \u00e9t\u00e9 plac\u00e9 en garde \u00e0 vue, alcoolis\u00e9 au moment des faits. Les marins-pompiers sont ensuite arriv\u00e9s pour noyer la zone sans dommages. Le d\u00e9but d\u2019incendie avait d\u00e9j\u00e0 \u00e9t\u00e9 \u00e9teint par les riverains \u00e0 l\u2019aide de seaux d\u2019eau.<\/p>\n","protected":false},"excerpt":{"rendered":"Un homme a \u00e9t\u00e9 arr\u00eat\u00e9 mercredi soir alors qu\u2019il tentait de mettre le feu dans le 9e\u00a0arrondissement de&hellip;\n","protected":false},"author":2,"featured_media":1070667,"comment_status":"","ping_status":"","sticky":false,"template":"","format":"standard","meta":{"footnotes":"","_share_on_mastodon":"0"},"categories":[2814],"tags":[1111,47,11,885,1182,1777,674,118,7505,1011,27,1310,23559,884,12,883,882,44333,25],"class_list":["post-1070666","post","type-post","status-publish","format-standard","has-post-thumbnail","category-marseille","tag-actu","tag-actualite","tag-actualites","tag-bouches-du-rhone","tag-calanques","tag-eu","tag-europe","tag-faits-divers","tag-faits-divers-marseille","tag-fr","tag-france","tag-incendie","tag-incendie-criminel","tag-marseille","tag-news","tag-paca","tag-provence-alpes-cote-dazur","tag-pyromane","tag-republique-francaise"],"share_on_mastodon":{"url":"https:\/\/pubeurope.com\/@fr\/116935722603462885","error":""},"_links":{"self":[{"href":"https:\/\/www.europesays.com\/fr\/wp-json\/wp\/v2\/posts\/1070666","targetHints":{"allow":["GET"]}}],"collection":[{"href":"https:\/\/www.europesays.com\/fr\/wp-json\/wp\/v2\/posts"}],"about":[{"href":"https:\/\/www.europesays.com\/fr\/wp-json\/wp\/v2\/types\/post"}],"author":[{"embeddable":true,"href":"https:\/\/www.europesays.com\/fr\/wp-json\/wp\/v2\/users\/2"}],"replies":[{"embeddable":true,"href":"https:\/\/www.europesays.com\/fr\/wp-json\/wp\/v2\/comments?post=1070666"}],"version-history":[{"count":0,"href":"https:\/\/www.europesays.com\/fr\/wp-json\/wp\/v2\/posts\/1070666\/revisions"}],"wp:featuredmedia":[{"embeddable":true,"href":"https:\/\/www.europesays.com\/fr\/wp-json\/wp\/v2\/media\/1070667"}],"wp:attachment":[{"href":"https:\/\/www.europesays.com\/fr\/wp-json\/wp\/v2\/media?parent=1070666"}],"wp:term":[{"taxonomy":"category","embeddable":true,"href":"https:\/\/www.europesays.com\/fr\/wp-json\/wp\/v2\/categories?post=1070666"},{"taxonomy":"post_tag","embeddable":true,"href":"https:\/\/www.europesays.com\/fr\/wp-json\/wp\/v2\/tags?post=1070666"}],"curies":[{"name":"wp","href":"https:\/\/api.w.org\/{rel}","templated":true}]}}