{"id":107067,"date":"2025-05-17T13:40:23","date_gmt":"2025-05-17T13:40:23","guid":{"rendered":"https:\/\/www.europesays.com\/fr\/107067\/"},"modified":"2025-05-17T13:40:23","modified_gmt":"2025-05-17T13:40:23","slug":"trois-iraniens-inculpes-pour-des-soupcons-dactivites-despionnage","status":"publish","type":"post","link":"https:\/\/www.europesays.com\/fr\/107067\/","title":{"rendered":"Trois Iraniens inculp\u00e9s pour des soup\u00e7ons d\u2019activit\u00e9s d\u2019espionnage"},"content":{"rendered":"<p><strong>James Bond Iranien &#8211; Les trois hommes sont suspect\u00e9s d\u2019avoir espionn\u00e9 dans le but de permettre un attentat au Royaume-Uni<\/strong><\/p>\n<p>La police londonienne a annonc\u00e9 ce samedi, \u00e0 l\u2019issue d\u2019une enqu\u00eate men\u00e9e par son unit\u00e9 antiterroriste, l\u2019inculpation de trois citoyens iraniens pour des activit\u00e9s <a href=\"https:\/\/www.20minutes.fr\/dossier\/espionnage?at_medium=RSS%20feed&amp;at_campaign=ynews&amp;utm_source=yahoo&amp;utm_medium=rss&amp;utm_campaign=news_feed&amp;utm_content=in_article_link\" rel=\"nofollow noopener\" target=\"_blank\" data-ylk=\"slk:d\u2019espionnage;elm:context_link;itc:0;sec:content-canvas\" class=\"link \">d\u2019espionnage <\/a>pr\u00e9sum\u00e9es au profit de <a href=\"https:\/\/www.20minutes.fr\/monde\/iran\/?at_medium=RSS%20feed&amp;at_campaign=ynews&amp;utm_source=yahoo&amp;utm_medium=rss&amp;utm_campaign=news_feed&amp;utm_content=in_article_link\" rel=\"nofollow noopener\" target=\"_blank\" data-ylk=\"slk:l\u2019Iran;elm:context_link;itc:0;sec:content-canvas\" class=\"link \">l\u2019Iran <\/a>entre\u00a02024 et\u00a02025. Ces trois hommes, arr\u00eat\u00e9s le samedi 3\u00a0mai, font l\u2019objet \u00ab\u00a0d\u2019accusations extr\u00eamement graves, port\u00e9es \u00e0 l\u2019issue d\u2019une enqu\u00eate tr\u00e8s complexe et rapide\u00a0\u00bb, a soulign\u00e9 dans un communiqu\u00e9 le commandant de cette unit\u00e9 Dominic Murphy.<\/p>\n<p>Inculp\u00e9s pour des \u00ab\u00a0actes susceptibles d\u2019aider un service de renseignement \u00e9tranger\u00a0\u00bb entre ao\u00fbt\u00a02024 et f\u00e9vrier\u00a02025, ils seront pr\u00e9sent\u00e9s samedi \u00e0 un tribunal de <a href=\"https:\/\/www.20minutes.fr\/dossier\/londres?at_medium=RSS%20feed&amp;at_campaign=ynews&amp;utm_source=yahoo&amp;utm_medium=rss&amp;utm_campaign=news_feed&amp;utm_content=in_article_link\" rel=\"nofollow noopener\" target=\"_blank\" data-ylk=\"slk:Londres;elm:context_link;itc:0;sec:content-canvas\" class=\"link \">Londres<\/a>. Mostafa Sepahvand, 39 ans, Farhad Javadi Manesh, 44 ans et Shapoor Qalehali Khani Noori, 55 ans, r\u00e9sidaient tous dans la capitale britannique. Ils ont \u00e9t\u00e9 interpell\u00e9s puis d\u00e9tenus depuis deux semaines en vertu de la loi de\u00a02023 sur la s\u00e9curit\u00e9 nationale, adopt\u00e9e sous le gouvernement de <a href=\"https:\/\/www.20minutes.fr\/monde\/rishi-sunak\/?at_medium=RSS%20feed&amp;at_campaign=ynews&amp;utm_source=yahoo&amp;utm_medium=rss&amp;utm_campaign=news_feed&amp;utm_content=in_article_link\" rel=\"nofollow noopener\" target=\"_blank\" data-ylk=\"slk:Rishi Sunak;elm:context_link;itc:0;sec:content-canvas\" class=\"link \">Rishi Sunak<\/a>, qui permet \u00e0 la police d\u2019arr\u00eater des personnes soup\u00e7onn\u00e9es d\u2019\u00eatre impliqu\u00e9es \u00ab\u00a0dans une activit\u00e9 de menace \u00e9manant d\u2019une puissance \u00e9trang\u00e8re\u00a0\u00bb.<\/p>\n<p>Mostafa Sepahvand a \u00e9galement \u00e9t\u00e9 inculp\u00e9 pour des actes de surveillance, de recherche ou de reconnaissance \u00ab\u00a0dans l\u2019intention de commettre des actes de violence grave contre une personne au Royaume-Uni\u00a0\u00bb, a indiqu\u00e9 la police, sans donner plus de d\u00e9tails. Farhad Javadi Manesh et Shapoor Qalehali Khani Noori, eux, sont inculp\u00e9s pour avoir commis des actes similaires, \u00ab\u00a0dans le but que des violences graves soient commises par d(&#8230;)<\/p>\n<p><a href=\"https:\/\/www.20minutes.fr\/monde\/royaume-uni\/4154023-20250517-royaume-uni-trois-iraniens-inculpes-soupcons-activites-espionnage?at_medium=RSS%20feed&amp;at_campaign=ynews&amp;utm_source=yahoo&amp;utm_medium=rss&amp;utm_campaign=news_feed&amp;utm_content=read_more_link&quot;\" rel=\"nofollow noopener\" target=\"_blank\" data-ylk=\"slk:Lire la suite sur 20minutes;elm:context_link;itc:0;sec:content-canvas\" class=\"link \">Lire la suite sur 20minutes<\/a><\/p>\n<p>\u00c0 lire aussi :<br \/><a href=\"https:\/\/www.20minutes.fr\/monde\/royaume-uni\/4151664-20250504-royaume-uni-arrestation-cinq-hommes-dont-quatre-iraniens-soupconnes-preparer-acte-terroriste?at_medium=RSS%20feed&amp;at_campaign=ynews&amp;utm_source=yahoo&amp;utm_medium=rss&amp;utm_campaign=news_feed&amp;utm_content=related_content_link\" rel=\"nofollow noopener\" target=\"_blank\" data-ylk=\"slk:Royaume-Uni\u00a0: Arrestation de cinq hommes, dont quatre Iraniens, \u00ab\u00a0soup\u00e7onn\u00e9s de pr\u00e9parer un acte terroriste\u00a0\u00bb;elm:context_link;itc:0;sec:content-canvas\" class=\"link \">Royaume-Uni\u00a0: Arrestation de cinq hommes, dont quatre Iraniens, \u00ab\u00a0soup\u00e7onn\u00e9s de pr\u00e9parer un acte terroriste\u00a0\u00bb<\/a><br \/><a href=\"https:\/\/www.20minutes.fr\/monde\/election-presidentielle-americaine\/4112525-20240927-presidentielle-americaine-2024-trois-iraniens-inculpes-piratage-informatique-campagne-donald-trump?at_medium=RSS%20feed&amp;at_campaign=ynews&amp;utm_source=yahoo&amp;utm_medium=rss&amp;utm_campaign=news_feed&amp;utm_content=related_content_link\" rel=\"nofollow noopener\" target=\"_blank\" data-ylk=\"slk:Pr\u00e9sidentielle am\u00e9ricaine 2024\u00a0: Trois Iraniens inculp\u00e9s pour le piratage informatique de la campagne de Donald Trump;elm:context_link;itc:0;sec:content-canvas\" class=\"link \">Pr\u00e9sidentielle am\u00e9ricaine 2024\u00a0: Trois Iraniens inculp\u00e9s pour le piratage informatique de la campagne de Donald Trump<\/a><\/p>\n","protected":false},"excerpt":{"rendered":"James Bond Iranien &#8211; Les trois hommes sont suspect\u00e9s d\u2019avoir espionn\u00e9 dans le but de permettre un attentat&hellip;\n","protected":false},"author":2,"featured_media":107068,"comment_status":"","ping_status":"","sticky":false,"template":"","format":"standard","meta":{"footnotes":""},"categories":[1588],"tags":[11,1777,674,22442,22444,1677,22443,12,473,1853,1851,1850,1852],"class_list":{"0":"post-107067","1":"post","2":"type-post","3":"status-publish","4":"format-standard","5":"has-post-thumbnail","7":"category-royaume-uni","8":"tag-actualites","9":"tag-eu","10":"tag-europe","11":"tag-farhad-javadi-manesh","12":"tag-inculpes","13":"tag-james-bond","14":"tag-mostafa-sepahvand","15":"tag-news","16":"tag-royaume-uni","17":"tag-royaume-uni-de-grande-bretagne-et-dirlande-du-nord","18":"tag-uk","19":"tag-united-kingdom","20":"tag-united-kingdom-of-great-britain-and-northern-ireland"},"share_on_mastodon":{"url":"https:\/\/pubeurope.com\/@fr\/114523460285541152","error":""},"_links":{"self":[{"href":"https:\/\/www.europesays.com\/fr\/wp-json\/wp\/v2\/posts\/107067","targetHints":{"allow":["GET"]}}],"collection":[{"href":"https:\/\/www.europesays.com\/fr\/wp-json\/wp\/v2\/posts"}],"about":[{"href":"https:\/\/www.europesays.com\/fr\/wp-json\/wp\/v2\/types\/post"}],"author":[{"embeddable":true,"href":"https:\/\/www.europesays.com\/fr\/wp-json\/wp\/v2\/users\/2"}],"replies":[{"embeddable":true,"href":"https:\/\/www.europesays.com\/fr\/wp-json\/wp\/v2\/comments?post=107067"}],"version-history":[{"count":0,"href":"https:\/\/www.europesays.com\/fr\/wp-json\/wp\/v2\/posts\/107067\/revisions"}],"wp:featuredmedia":[{"embeddable":true,"href":"https:\/\/www.europesays.com\/fr\/wp-json\/wp\/v2\/media\/107068"}],"wp:attachment":[{"href":"https:\/\/www.europesays.com\/fr\/wp-json\/wp\/v2\/media?parent=107067"}],"wp:term":[{"taxonomy":"category","embeddable":true,"href":"https:\/\/www.europesays.com\/fr\/wp-json\/wp\/v2\/categories?post=107067"},{"taxonomy":"post_tag","embeddable":true,"href":"https:\/\/www.europesays.com\/fr\/wp-json\/wp\/v2\/tags?post=107067"}],"curies":[{"name":"wp","href":"https:\/\/api.w.org\/{rel}","templated":true}]}}