{"id":107069,"date":"2025-05-17T13:41:09","date_gmt":"2025-05-17T13:41:09","guid":{"rendered":"https:\/\/www.europesays.com\/fr\/107069\/"},"modified":"2025-05-17T13:41:09","modified_gmt":"2025-05-17T13:41:09","slug":"les-usa-dominent-lallemagne-au-terme-dun-match-fou-rts-ch","status":"publish","type":"post","link":"https:\/\/www.europesays.com\/fr\/107069\/","title":{"rendered":"Les USA dominent l&rsquo;Allemagne au terme d&rsquo;un match fou &#8211; rts.ch"},"content":{"rendered":"<p>Les Etats-Unis ont battu l&rsquo;Allemagne 6-3 \u00e0 Herning dans le groupe B du championnat du monde. Mais les Am\u00e9ricains ont une nouvelle fois jou\u00e9 \u00e0 se faire peur.<\/p>\n<p>Cette Team USA ne retient pas les le\u00e7ons. Apr\u00e8s avoir laiss\u00e9 filer un avantage de quatre buts mercredi face \u00e0 la Norv\u00e8ge, les hommes du coach Ryan Warsofsky ont galvaud\u00e9 une avance de trois buts face aux Allemands. Mais ils ont pu forcer la d\u00e9cision dans le temps r\u00e9glementaire, apr\u00e8s avoir \u00e9gar\u00e9 1 point face \u00e0 la Norv\u00e8ge.<\/p>\n<p>Les Etats-Unis, qui menaient 3-0 apr\u00e8s 14&rsquo;17, ont vu l&rsquo;Allemagne \u00e9galiser \u00e0 3-3 \u00e0 la 36e apr\u00e8s avoir conc\u00e9d\u00e9 deux buts en l&rsquo;espace de 48 secondes. Dominateurs (44 tirs cadr\u00e9s, contre 21 pour leurs adversaires), ils ont logiquement repris l&rsquo;avantage \u00e0 la 45e sur un but en sup\u00e9riorit\u00e9 num\u00e9rique de Conor Garland.<\/p>\n<p>L&rsquo;Allemagne, qui restait sur une lourde d\u00e9faite face \u00e0 la Suisse jeudi (5-1), n&rsquo;est pas parvenue \u00e0 combler ce handicap et a conc\u00e9d\u00e9 un cinqui\u00e8me but fatal \u00e0 la 57e. La troupe de Harold Kreis en reste \u00e0 9 points et pourrait bien devoir jouer sa place en quarts de finale lors de son dernier match de poule mardi face au Danemark.<\/p>\n<p class=\"sources\">ats\/tzing<\/p>\n","protected":false},"excerpt":{"rendered":"Les Etats-Unis ont battu l&rsquo;Allemagne 6-3 \u00e0 Herning dans le groupe B du championnat du monde. Mais les&hellip;\n","protected":false},"author":2,"featured_media":107070,"comment_status":"","ping_status":"","sticky":false,"template":"","format":"standard","meta":{"footnotes":""},"categories":[1587],"tags":[11,672,1804,2212,21163,14306,1805,1803,73,1777,674,1801,4488,4133,12,1802,517,308,22445,22446],"class_list":{"0":"post-107069","1":"post","2":"type-post","3":"status-publish","4":"format-standard","5":"has-post-thumbnail","7":"category-allemagne","8":"tag-actualites","9":"tag-allemagne","10":"tag-bundesrepublik-deutschland","11":"tag-championnat-du-monde","12":"tag-championnat-du-monde-tour-preliminaire-groupe-b","13":"tag-competition-sportive","14":"tag-de","15":"tag-deutschland","16":"tag-etats-unis","17":"tag-eu","18":"tag-europe","19":"tag-germany","20":"tag-hockey","21":"tag-hockey-sur-glace","22":"tag-news","23":"tag-republique-federale-dallemagne","24":"tag-sport","25":"tag-usa","26":"tag-usa-allemagne","27":"tag-wojciech-stachowiak"},"share_on_mastodon":{"url":"https:\/\/pubeurope.com\/@fr\/114523464263297185","error":""},"_links":{"self":[{"href":"https:\/\/www.europesays.com\/fr\/wp-json\/wp\/v2\/posts\/107069","targetHints":{"allow":["GET"]}}],"collection":[{"href":"https:\/\/www.europesays.com\/fr\/wp-json\/wp\/v2\/posts"}],"about":[{"href":"https:\/\/www.europesays.com\/fr\/wp-json\/wp\/v2\/types\/post"}],"author":[{"embeddable":true,"href":"https:\/\/www.europesays.com\/fr\/wp-json\/wp\/v2\/users\/2"}],"replies":[{"embeddable":true,"href":"https:\/\/www.europesays.com\/fr\/wp-json\/wp\/v2\/comments?post=107069"}],"version-history":[{"count":0,"href":"https:\/\/www.europesays.com\/fr\/wp-json\/wp\/v2\/posts\/107069\/revisions"}],"wp:featuredmedia":[{"embeddable":true,"href":"https:\/\/www.europesays.com\/fr\/wp-json\/wp\/v2\/media\/107070"}],"wp:attachment":[{"href":"https:\/\/www.europesays.com\/fr\/wp-json\/wp\/v2\/media?parent=107069"}],"wp:term":[{"taxonomy":"category","embeddable":true,"href":"https:\/\/www.europesays.com\/fr\/wp-json\/wp\/v2\/categories?post=107069"},{"taxonomy":"post_tag","embeddable":true,"href":"https:\/\/www.europesays.com\/fr\/wp-json\/wp\/v2\/tags?post=107069"}],"curies":[{"name":"wp","href":"https:\/\/api.w.org\/{rel}","templated":true}]}}