{"id":107081,"date":"2025-05-17T13:49:12","date_gmt":"2025-05-17T13:49:12","guid":{"rendered":"https:\/\/www.europesays.com\/fr\/107081\/"},"modified":"2025-05-17T13:49:12","modified_gmt":"2025-05-17T13:49:12","slug":"le-stade-francais-repond-aux-accusations-de-mediapart","status":"publish","type":"post","link":"https:\/\/www.europesays.com\/fr\/107081\/","title":{"rendered":"le Stade Fran\u00e7ais r\u00e9pond aux accusations de Mediapart"},"content":{"rendered":"<p>                             Par G. F<\/p>\n<p>                Il y a 17 minutes<\/p>\n<p>\u00a0\u00bb<br \/>\n        data-script=\u00a0\u00bbhttps:\/\/static.lefigaro.fr\/widget-video\/short-ttl\/video\/index.js\u00a0\u00bb<br \/>\n    &gt;<\/p>\n<p>Le club, qui aurait selon Mediapart men\u00e9 une \u00abenqu\u00eate express\u00bb suite \u00e0 la tenue de propos humiliants au sein de la section f\u00e9minine, a publi\u00e9 un communiqu\u00e9 pour donner sa version des faits.<\/p>\n<p class=\"fig-paragraph\">Le Stade Fran\u00e7ais, dont le fonctionnement a \u00e9t\u00e9\u00a0<a href=\"https:\/\/www.mediapart.fr\/journal\/france\/160525\/rugby-au-stade-francais-sexisme-et-lesbophobie-ne-sont-pas-penalises\" target=\"_blank\" rel=\"nofollow noopener\" data-gtm-custom-categorie=\"navigation\" data-gtm-custom-action=\"crossclick\" data-gtm-custom-label=\"Contextuel\" data-gtm-event=\"customEventSPE\">mis en cause par une enqu\u00eate de Mediapart<\/a>\u00a0r\u00e9v\u00e9lant vendredi qu\u2019une plainte au p\u00e9nal pour des propos homophobes avait \u00e9t\u00e9 d\u00e9pos\u00e9e \u00e0 l\u2019encontre d\u2019un directeur sportif en charge notamment la section f\u00e9minine, a publi\u00e9 un communiqu\u00e9 ce samedi pour livrer sa version des faits. Celle-ci diff\u00e8re sensiblement de celle de Mediapart qui affirme que le club avait \u00abmaintenu sa confiance (au dirigeant) apr\u00e8s une enqu\u00eate interne express.\u00bb<\/p>\n<p class=\"fig-paragraph\">Dans ce texte, le Stade Fran\u00e7ais d\u00e9nonce des \u00abfaits tr\u00e8s graves\u00bb en tient \u00e0 adresser \u00abde nouveau et sans retenue, tout notre soutien \u00e0 la victime de ces faits.\u00bb La plaignante, Laura, est une b\u00e9n\u00e9vole de la section f\u00e9minine vis\u00e9e par des propos \u00abhumiliants, sexistes et lesbophobes\u00bb selon le m\u00e9dia d\u2019investigation. Les dirigeants rappellent qu\u2019une enqu\u00eate en interne avait \u00e9t\u00e9 men\u00e9e d\u00e8s le 20 d\u00e9cembre 2024 peu apr\u00e8s le signalement de la plaignante. Celle-ci a permis d\u2019auditionner 65 personnes au sein du club\u00a0: joueuses, joueurs, entra\u00eeneurs et dirigeants.<\/p>\n<p>Une enqu\u00eate aupr\u00e8s de 65 personnes en d\u00e9cembre au sein du club<\/p>\n<p class=\"fig-paragraph\">Le 6 janvier, l\u2019Association du Stade Fran\u00e7ais avait pris plusieurs mesures. La premi\u00e8re fut une suspension des fonctions du directeur sportif aupr\u00e8s des Pinks Rockets (la section f\u00e9minine de rugby). Un bl\u00e2me lui a \u00e9t\u00e9 adress\u00e9 et enregistr\u00e9 dans son dossier personnel. Le dirigeant avait aussi re\u00e7u l\u2019obligation d\u2019adresser des excuses \u00e9crites \u00e0 la victime.<\/p>\n<p class=\"fig-paragraph\">\u00abIl est certain que de tels faits n\u2019ont pas lieu d\u2019\u00eatre et doivent \u00eatre combattus. Ils vont \u00e0 l\u2019encontre des principes sur lesquels le club s\u2019appuie et une vigilance permanente de tous s\u2019impose, pour que cela ne se reproduise pas. Le Stade Fran\u00e7ais Paris tient \u00e9galement \u00e0 rappeler son engagement dans la lutte contre toutes les formes de discriminations, violences et autres comportements d\u00e9plac\u00e9s\u00bb, ajoute le club en r\u00e9ponse aux affirmations de Mediapart d\u00e9non\u00e7ant qu\u2019au Stade fran\u00e7ais \u00absexisme et lesbophobie ne sont pas p\u00e9nalis\u00e9s.\u00bb<\/p>\n<p>La victime a subi pendant plusieurs mois des insultes sexistes et homophobes<\/p>\n<p class=\"fig-paragraph\">La victime, Laura, aurait subi pendant plusieurs mois des propos sexistes et homophobes tels que\u00a0: \u00abC\u2019est dommage que tu sois une bouffeuse de chatte, comme tes co\u00e9quipi\u00e8res\u00a0\u00bb, affirme Mediapart. Elle avait fini par faire un signalement aupr\u00e8s du bureau ex\u00e9cutif de l\u2019association du Stade Fran\u00e7ais, mais aussi de la F\u00e9d\u00e9ration fran\u00e7aise de rugby en d\u00e9cembre 2024. Signalement qui avait permis au club d\u2019enclencher une enqu\u00eate quelques jours plus tard.<\/p>\n<p class=\"fig-paragraph\"><strong>\u00c0 VOIR AUSSI &#8211; <\/strong>Ligue 1\u00a0: Ousmane Demb\u00e9l\u00e9 \u00e9lu meilleur joueur de la saison<\/p>\n<p>\u00a0\u00bb<br \/>\n        data-script=\u00a0\u00bbhttps:\/\/static.lefigaro.fr\/widget-video\/short-ttl\/dugout\/index.js\u00a0\u00bb<br \/>\n    &gt;<\/p>\n","protected":false},"excerpt":{"rendered":"Par G. F Il y a 17 minutes \u00a0\u00bb data-script=\u00a0\u00bbhttps:\/\/static.lefigaro.fr\/widget-video\/short-ttl\/video\/index.js\u00a0\u00bb &gt; Le club, qui aurait selon Mediapart men\u00e9&hellip;\n","protected":false},"author":2,"featured_media":107082,"comment_status":"","ping_status":"","sticky":false,"template":"","format":"standard","meta":{"footnotes":""},"categories":[1416],"tags":[525,4590,1981,2313,814,1011,27,955,4589,2311,1980,479,1468,2259,60,478,2310,2312],"class_list":{"0":"post-107081","1":"post","2":"type-post","3":"status-publish","4":"format-standard","5":"has-post-thumbnail","7":"category-rugby","8":"tag-calendrier","9":"tag-championnat-france","10":"tag-classement","11":"tag-clermont","12":"tag-direct","13":"tag-fr","14":"tag-france","15":"tag-match","16":"tag-phase-finale","17":"tag-racing","18":"tag-resultats","19":"tag-rugby","20":"tag-rugby-football","21":"tag-score","22":"tag-sports","23":"tag-top-14","24":"tag-toulon","25":"tag-toulouse"},"share_on_mastodon":{"url":"https:\/\/pubeurope.com\/@fr\/114523495703792912","error":""},"_links":{"self":[{"href":"https:\/\/www.europesays.com\/fr\/wp-json\/wp\/v2\/posts\/107081","targetHints":{"allow":["GET"]}}],"collection":[{"href":"https:\/\/www.europesays.com\/fr\/wp-json\/wp\/v2\/posts"}],"about":[{"href":"https:\/\/www.europesays.com\/fr\/wp-json\/wp\/v2\/types\/post"}],"author":[{"embeddable":true,"href":"https:\/\/www.europesays.com\/fr\/wp-json\/wp\/v2\/users\/2"}],"replies":[{"embeddable":true,"href":"https:\/\/www.europesays.com\/fr\/wp-json\/wp\/v2\/comments?post=107081"}],"version-history":[{"count":0,"href":"https:\/\/www.europesays.com\/fr\/wp-json\/wp\/v2\/posts\/107081\/revisions"}],"wp:featuredmedia":[{"embeddable":true,"href":"https:\/\/www.europesays.com\/fr\/wp-json\/wp\/v2\/media\/107082"}],"wp:attachment":[{"href":"https:\/\/www.europesays.com\/fr\/wp-json\/wp\/v2\/media?parent=107081"}],"wp:term":[{"taxonomy":"category","embeddable":true,"href":"https:\/\/www.europesays.com\/fr\/wp-json\/wp\/v2\/categories?post=107081"},{"taxonomy":"post_tag","embeddable":true,"href":"https:\/\/www.europesays.com\/fr\/wp-json\/wp\/v2\/tags?post=107081"}],"curies":[{"name":"wp","href":"https:\/\/api.w.org\/{rel}","templated":true}]}}