{"id":107083,"date":"2025-05-17T13:50:09","date_gmt":"2025-05-17T13:50:09","guid":{"rendered":"https:\/\/www.europesays.com\/fr\/107083\/"},"modified":"2025-05-17T13:50:09","modified_gmt":"2025-05-17T13:50:09","slug":"atp-inquietude-pour-holger-rune-a-une-semaine-de-roland-garros-apres-rome-je-me-sentais-vraiment-mal-et-ce-depuis-longtemps-les-tests-ont-montre-que-javais-toujours-une-infection-dans-la-gorge","status":"publish","type":"post","link":"https:\/\/www.europesays.com\/fr\/107083\/","title":{"rendered":"ATP > Inqui\u00e9tude pour Holger Rune \u00e0 une semaine de Roland-Garros : \u00ab\u00a0Apr\u00e8s Rome, je me sentais vraiment mal et ce depuis longtemps. Les tests ont montr\u00e9 que j&rsquo;avais toujours une infection dans la gorge et l&rsquo;estomac\u00a0\u00bb"},"content":{"rendered":"<p>Alors qu\u2019on pensait qu\u2019il avait enfin lanc\u00e9 sa saison apr\u00e8s son titre d\u00e9croch\u00e9 sur l\u2019ATP 500 de Barcelone, Holger Rune a montr\u00e9 des signes inqui\u00e9\u00adtants de f\u00e9bri\u00adlit\u00e9 \u00e0 Madrid (abandon au 2e tour face \u00e0 Cobolli) et Rome (d\u00e9faite face \u00e0 Moutet au 3e\u00a0tour).\u00a0<\/p>\n<p>Quelques heures apr\u00e8s avoir annonc\u00e9 son forfait pour le tournoi de Hambourg, \u00e0 l\u2019instar de Sinner, Musetti, Paul et Tsitsipas, le Danois a donn\u00e9 de ses nouvelles via son compte Instagram. Et elles ne sont pas tr\u00e8s rassu\u00adrantes \u00e0 huit jours du d\u00e9but de Roland\u2010Garros.\u00a0<\/p>\n<p>En effet, l\u2019ac\u00adtuel 10e joueur mondial souffre d\u2019une double infec\u00adtion et est actuel\u00adle\u00adment sous antibiotique.\u00a0<\/p>\n<p><img fetchpriority=\"high\" decoding=\"async\" width=\"665\" height=\"1024\" src=\"https:\/\/www.europesays.com\/fr\/wp-content\/uploads\/2025\/05\/Capture-decran-2025-05-17-a-14.16.51.png\" alt=\"\" class=\"wp-image-555870 lazy\" style=\"width:421px;height:auto\"  data-\/><\/p>\n<p><strong>\u00ab\u202fBonjour \u00e0 tous. Apr\u00e8s Rome, nous avons fait beau\u00adcoup de tests au Danemark parce que je me sentais vrai\u00adment mal et ce depuis long\u00adtemps. Les tests ont montr\u00e9 que j\u2019avais toujours une infec\u00adtion dans la gorge (qui n\u2019a pas \u00e9t\u00e9 \u00e9limin\u00e9e par les anti\u00adbio\u00adtiques \u00e0 Indian Wells) et aussi une infec\u00adtion dans l\u2019es\u00adtomac. Je suis main\u00adte\u00adnant sous anti\u00adbio\u00adtique puis\u00adsant et j\u2019ai h\u00e2te de me sentir bien. Ce qui est bien, c\u2019est que le prin\u00adtemps a \u00e9t\u00e9 diffi\u00adcile et j\u2019ai h\u00e2te de me lancer dans la comp\u00e9\u00adti\u00adtion en me sentant \u00e0 nouveau pleine d\u2019\u00e9nergie. Merci pour votre soutien dans les bons et les mauvais moments.\u202f\u00bb<\/strong><\/p>\n<p class=\"post-published-date\" style=\"color: silver; font-size: 75%; text-align: left;\">Publi\u00e9 le samedi 17 mai 2025 \u00e0 14:44<\/p>\n","protected":false},"excerpt":{"rendered":"Alors qu\u2019on pensait qu\u2019il avait enfin lanc\u00e9 sa saison apr\u00e8s son titre d\u00e9croch\u00e9 sur l\u2019ATP 500 de Barcelone,&hellip;\n","protected":false},"author":2,"featured_media":107084,"comment_status":"","ping_status":"","sticky":false,"template":"","format":"standard","meta":{"footnotes":""},"categories":[1415],"tags":[1011,27,2127,60,1467,5443],"class_list":{"0":"post-107083","1":"post","2":"type-post","3":"status-publish","4":"format-standard","5":"has-post-thumbnail","7":"category-tennis","8":"tag-fr","9":"tag-france","10":"tag-sinner","11":"tag-sports","12":"tag-tennis","13":"tag-tsitsipas"},"share_on_mastodon":{"url":"https:\/\/pubeurope.com\/@fr\/114523499772408233","error":""},"_links":{"self":[{"href":"https:\/\/www.europesays.com\/fr\/wp-json\/wp\/v2\/posts\/107083","targetHints":{"allow":["GET"]}}],"collection":[{"href":"https:\/\/www.europesays.com\/fr\/wp-json\/wp\/v2\/posts"}],"about":[{"href":"https:\/\/www.europesays.com\/fr\/wp-json\/wp\/v2\/types\/post"}],"author":[{"embeddable":true,"href":"https:\/\/www.europesays.com\/fr\/wp-json\/wp\/v2\/users\/2"}],"replies":[{"embeddable":true,"href":"https:\/\/www.europesays.com\/fr\/wp-json\/wp\/v2\/comments?post=107083"}],"version-history":[{"count":0,"href":"https:\/\/www.europesays.com\/fr\/wp-json\/wp\/v2\/posts\/107083\/revisions"}],"wp:featuredmedia":[{"embeddable":true,"href":"https:\/\/www.europesays.com\/fr\/wp-json\/wp\/v2\/media\/107084"}],"wp:attachment":[{"href":"https:\/\/www.europesays.com\/fr\/wp-json\/wp\/v2\/media?parent=107083"}],"wp:term":[{"taxonomy":"category","embeddable":true,"href":"https:\/\/www.europesays.com\/fr\/wp-json\/wp\/v2\/categories?post=107083"},{"taxonomy":"post_tag","embeddable":true,"href":"https:\/\/www.europesays.com\/fr\/wp-json\/wp\/v2\/tags?post=107083"}],"curies":[{"name":"wp","href":"https:\/\/api.w.org\/{rel}","templated":true}]}}