{"id":107087,"date":"2025-05-17T13:53:13","date_gmt":"2025-05-17T13:53:13","guid":{"rendered":"https:\/\/www.europesays.com\/fr\/107087\/"},"modified":"2025-05-17T13:53:13","modified_gmt":"2025-05-17T13:53:13","slug":"cecchinello-heureux-de-replacer-honda-au-sommet-grace-a-zarco","status":"publish","type":"post","link":"https:\/\/www.europesays.com\/fr\/107087\/","title":{"rendered":"Cecchinello heureux de replacer Honda au sommet gr\u00e2ce \u00e0 Zarco"},"content":{"rendered":"<p>Longtemps habitu\u00e9 \u00e0 jouer les premiers r\u00f4les en MotoGP, Honda a d\u00e9gringol\u00e9 dans la hi\u00e9rarchie ces derni\u00e8res ann\u00e9es, au point d&rsquo;encha\u00eener trois ann\u00e9es conclues \u00e0 la plus mauvaise position possible au championnat des constructeurs<\/p>\n<p>Au GP de France, la spectaculaire prestation de <a href=\"https:\/\/fr.motorsport.com\/driver\/johann-zarco\/96107\/\" target=\"_blank\" rel=\"noopener\">Johann Zarco<\/a> a permis \u00e0 Honda de signer son premier succ\u00e8s en deux ans. En 2023 d\u00e9j\u00e0, cette victoire \u00e9tait le fruit d&rsquo;une performance d&rsquo;un pilote, celle d&rsquo;<a href=\"https:\/\/fr.motorsport.com\/driver\/alex-rins\/109402\/\" target=\"_blank\" rel=\"noopener\">\u00c1lex Rins<\/a> \u00e0 Austin, d\u00e9j\u00e0 en portant les couleurs de l&rsquo;\u00e9quipe LCR, mais le contexte \u00e9tait tr\u00e8s diff\u00e9rent.<\/p>\n<p>Honda \u00e9tait alors au c\u0153ur de ses probl\u00e8mes tandis que cette ann\u00e9e, la marque a montr\u00e9 de s\u00e9rieux signes de progr\u00e8s cette ann\u00e9e, en pla\u00e7ant r\u00e9guli\u00e8rement ses pilotes dans le top 10. Le rythme n&rsquo;est certes pas encore l\u00e0 pour jouer les toutes premi\u00e8res places \u00e0 la r\u00e9guli\u00e8re, mais Lucio Cecchinello veut voir dans la prestation de Zarco la juste r\u00e9compense des efforts consentis par le constructeur japonais.<\/p>\n<p>\u00ab\u00a0\u00c7a veut dire beaucoup pour nous, car nous avons travers\u00e9 des ann\u00e9es tr\u00e8s difficiles\u00a0\u00bb, a soulign\u00e9 le patron de l&rsquo;\u00e9quipe LCR, interrog\u00e9 par le site officiel du MotoGP. \u00ab\u00a0\u00c7a n&rsquo;est pas un secret, Honda a pas mal perdu de sa comp\u00e9titivit\u00e9 entre 2022 et 2023, nous avons eu un highlight en 2023 avec \u00c1lex Rins mais la r\u00e9alit\u00e9 a \u00e9t\u00e9 en gros que notre moto n&rsquo;\u00e9tait pas assez comp\u00e9titive\u00a0\u00bb<\/p>\n<p>   <img decoding=\"async\" draggable=\"false\" src=\"https:\/\/www.europesays.com\/fr\/wp-content\/uploads\/2025\/05\/1747102392_46_johann-zarco-team-lcr-honda.jpg\" alt=\"Johann Zarco, Team LCR Honda\" width=\"1200\" height=\"800\" loading=\"lazy\"\/> <\/p>\n<p class=\"title\">Johann Zarco \u00e0 l&rsquo;arriv\u00e9e du GP de France.<\/p>\n<p class=\"photographer\">Photo de: LCR Honda MotoGP Team<\/p>\n<p>\u00ab\u00a0Ce qu&rsquo;Honda a fait est tout simplement incroyable ces derniers mois. Ils ont augment\u00e9 leur implication en MotoGP, apport\u00e9 plus de pi\u00e8ces, impliquant plus d&rsquo;ing\u00e9nieurs, en produisant plus d&rsquo;\u00e9volutions, en renfor\u00e7ant aussi l&rsquo;organisation du test team.\u00a0\u00bb<\/p>\n<p>\u00ab\u00a0Et ceci est le r\u00e9sultat du travail men\u00e9 en commun par un pilote d&rsquo;un tr\u00e8s grand talent comme Zarco, d&rsquo;une \u00e9quipe technique exp\u00e9riment\u00e9e et \u00e9videmment de tous les ing\u00e9nieurs au Japon et aussi au circuit qui contribuent \u00e0 pr\u00e9parer une moto plus comp\u00e9titive.\u00a0\u00bb<\/p>\n<p>\u00ab\u00a0Sur la pluie, nous avons fait un travail incroyable aujourd&rsquo;hui ; sur le sec, nous savons qu&rsquo;il nous reste encore au moins, disons, une demi-seconde \u00e0 rattraper. Nous allons continuer \u00e0 travailler pour combler ce retard.\u00a0\u00bb\u00a0<\/p>\n<p>Une victoire dans un climat stressant<\/p>\n<p>Zarco a gagn\u00e9 en passant toute la course avec les pneus pluie, alors que <a href=\"https:\/\/fr.motorsport.com\/driver\/marc-marquez\/92646\/\" target=\"_blank\" rel=\"noopener\">Marc M\u00e1rquez<\/a> a \u00e9t\u00e9 retard\u00e9 par deux long-laps puis un changement de moto, mais parmi les neuf pilotes qui avaient les bons pneus d\u00e8s le d\u00e9part, il est le seul \u00e0 avoir figur\u00e9 dans le top 5 \u00e0 l&rsquo;arriv\u00e9e, et son premier poursuivant avec la m\u00eame strat\u00e9gie a \u00e9t\u00e9 <a href=\"https:\/\/fr.motorsport.com\/driver\/takaaki-nakagami\/109418\/\" target=\"_blank\" rel=\"noopener\">Takaaki Nakagami<\/a>, sixi\u00e8me et rel\u00e9gu\u00e9 \u00e0 une minute.<\/p>\n<p>   <img decoding=\"async\" draggable=\"false\" src=\"https:\/\/www.europesays.com\/fr\/wp-content\/uploads\/2025\/05\/1747489993_313_johann-zarco-team-lcr-honda.jpg\" alt=\"Johann Zarco, Team LCR Honda\" width=\"1200\" height=\"800\" loading=\"lazy\"\/> <\/p>\n<p class=\"title\">Johann Zarco<\/p>\n<p class=\"photographer\">Photo de: MotoGP<\/p>\n<p>Malgr\u00e9 la d\u00e9monstration du Fran\u00e7ais et son avance grandissante sur M\u00e1rquez tout au long de la course, Cecchinello est rest\u00e9 en tension\u00a0: \u00ab\u00a0Le probl\u00e8me, c&rsquo;est que le deuxi\u00e8me pilote le plus rapide \u00e9tait Marc M\u00e1rquez. Et normalement, dans ces conditions, Marc est incroyablement rapide. Normalement c&rsquo;est l&rsquo;inverse, il met une seconde \u00e0 tout le monde. Et le fait qu&rsquo;on ait \u00e9t\u00e9 une seconde plus rapides que Marc, nous \u00e9tions tr\u00e8s inquiets qu&rsquo;il puisse y avoir une erreur.\u00a0\u00bb<\/p>\n<p>En privant M\u00e1rquez de la victoire, Zarco a aussi mis fin \u00e0 une s\u00e9rie de 22 succ\u00e8s cons\u00e9cutifs de Ducati le dimanche. La marque italienne venait d&rsquo;\u00e9galer le pr\u00e9c\u00e9dent record, d\u00e9tenu par Honda, \u00e0 Jerez, et Cecchinello est heureux que LCR ait pu y contribuer.<\/p>\n<p>\u00ab\u00a0\u00a0\u00bb\u00c7a fait \u00e9norm\u00e9ment plaisir\u00a0\u00bb, a-t-il soulign\u00e9 sur Canal+. \u00ab\u00a0Et \u00e7a fait plaisir aussi que pour la 30e ann\u00e9e de LCR, c&rsquo;est notre 120e podium dans toutes les cat\u00e9gories (125cc, 250cc, MotoGP, MotoE) et c&rsquo;est une satisfaction personnelle de r\u00e9ussir \u00e0 \u00eatre l\u00e0 et de donner une autre victoire \u00e0 Honda.\u00a0\u00bb<\/p>\n<p style=\"text-align: right;\">Avec L\u00e9na Buffa<\/p>\n<p>Lire aussi :<\/p>\n<p><img decoding=\"async\" class=\"sizer\" draggable=\"false\" src=\"data:image\/png;base64,iVBORw0KGgoAAAANSUhEUgAAABAAAAAJCAYAAAA7KqwyAAAAGXRFWHRTb2Z0d2FyZQBBZG9iZSBJbWFnZVJlYWR5ccllPAAAABpJREFUeNpi\/P\/\/PwMlgImBQjBqwLAwACDAAOVfAw9\/ZDvcAAAAAElFTkSuQmCC\" alt=\"\" loading=\"lazy\"\/><\/p>\n<p class=\"title\">VID\u00c9O &#8211; La Marseillaise pour Johann Zarco sur le podium du GP de France<\/p>\n<p>Dans cet article<\/p>\n<p>    Vincent Lalanne-Sicaud\n<\/p>\n<p>    MotoGP\n<\/p>\n<p>    Johann Zarco\n<\/p>\n<p>    Honda HRC\n<\/p>\n<p>    Team LCR\n<\/p>\n<p>Soyez le premier inform\u00e9 et souscrivez aux alertes mails pour recevoir les infos en temps r\u00e9el<\/p>\n<p>    S&rsquo;abonner aux alertes de news<\/p>\n","protected":false},"excerpt":{"rendered":"Longtemps habitu\u00e9 \u00e0 jouer les premiers r\u00f4les en MotoGP, Honda a d\u00e9gringol\u00e9 dans la hi\u00e9rarchie ces derni\u00e8res ann\u00e9es,&hellip;\n","protected":false},"author":2,"featured_media":107088,"comment_status":"","ping_status":"","sticky":false,"template":"","format":"standard","meta":{"footnotes":""},"categories":[1412],"tags":[1451,1452,1453,1454,1455,1011,27,15545,3345,1741,15546,2770,1458,60,3771],"class_list":{"0":"post-107087","1":"post","2":"type-post","3":"status-publish","4":"format-standard","5":"has-post-thumbnail","7":"category-f1","8":"tag-f1","9":"tag-formula-1","10":"tag-formula1","11":"tag-formule-1","12":"tag-formule1","13":"tag-fr","14":"tag-france","15":"tag-gp-de-france","16":"tag-honda-hrc","17":"tag-johann-zarco","18":"tag-le-mans-circuit-bugatti","19":"tag-lucio-cecchinello","20":"tag-motogp","21":"tag-sports","22":"tag-team-lcr"},"share_on_mastodon":{"url":"https:\/\/pubeurope.com\/@fr\/114523511571870711","error":""},"_links":{"self":[{"href":"https:\/\/www.europesays.com\/fr\/wp-json\/wp\/v2\/posts\/107087","targetHints":{"allow":["GET"]}}],"collection":[{"href":"https:\/\/www.europesays.com\/fr\/wp-json\/wp\/v2\/posts"}],"about":[{"href":"https:\/\/www.europesays.com\/fr\/wp-json\/wp\/v2\/types\/post"}],"author":[{"embeddable":true,"href":"https:\/\/www.europesays.com\/fr\/wp-json\/wp\/v2\/users\/2"}],"replies":[{"embeddable":true,"href":"https:\/\/www.europesays.com\/fr\/wp-json\/wp\/v2\/comments?post=107087"}],"version-history":[{"count":0,"href":"https:\/\/www.europesays.com\/fr\/wp-json\/wp\/v2\/posts\/107087\/revisions"}],"wp:featuredmedia":[{"embeddable":true,"href":"https:\/\/www.europesays.com\/fr\/wp-json\/wp\/v2\/media\/107088"}],"wp:attachment":[{"href":"https:\/\/www.europesays.com\/fr\/wp-json\/wp\/v2\/media?parent=107087"}],"wp:term":[{"taxonomy":"category","embeddable":true,"href":"https:\/\/www.europesays.com\/fr\/wp-json\/wp\/v2\/categories?post=107087"},{"taxonomy":"post_tag","embeddable":true,"href":"https:\/\/www.europesays.com\/fr\/wp-json\/wp\/v2\/tags?post=107087"}],"curies":[{"name":"wp","href":"https:\/\/api.w.org\/{rel}","templated":true}]}}