{"id":107089,"date":"2025-05-17T13:54:07","date_gmt":"2025-05-17T13:54:07","guid":{"rendered":"https:\/\/www.europesays.com\/fr\/107089\/"},"modified":"2025-05-17T13:54:07","modified_gmt":"2025-05-17T13:54:07","slug":"cyclisme-championnats-du-monde-jonas-vingegaard-devrait-faire-les-mondiaux-au-rwanda","status":"publish","type":"post","link":"https:\/\/www.europesays.com\/fr\/107089\/","title":{"rendered":"Cyclisme. Championnats du Monde &#8211; Jonas Vingegaard devrait faire les Mondiaux au Rwanda"},"content":{"rendered":"<p>Alors qu&rsquo;il fait sans aucun doute partie des meilleurs coureurs de sa g\u00e9n\u00e9ration, <strong><a href=\"https:\/\/www.cyclismactu.net\/..\/news-route-quand-jonas-vingegaard-fait-sa-reconnaissance-avec-3-jeunes-amateurs-87626.html\" target=\"_blank\" rel=\"noopener\">Jonas Vingegaard<\/a><\/strong> (Visma | Lease a Bike) n&rsquo;a encore jamais port\u00e9 le maillot de son \u00e9quipe nationale danoise en \u00c9lites. En effet, le double vainqueur du <strong>Tour de France<\/strong> n&rsquo;a jamais souhait\u00e9 s&rsquo;aligner sur les <strong><a href=\"https:\/\/www.cyclismactu.net\/..\/news-route-mondiaux-route-le-parcours-des-mondiaux-2025-rwanda-5500m-de-d-84352.html\" target=\"_blank\" rel=\"noopener\">Championnats du Monde<\/a><\/strong>, les <strong>Jeux Olympiques<\/strong> ou les<strong> Championnats d&rsquo;Europe<\/strong>, malgr\u00e9 les nombreux appels du s\u00e9lectionneur. Mais cela pourrait changer cette ann\u00e9e, puisque <strong>Vingegaard <\/strong>serait int\u00e9ress\u00e9 pour participer aux <strong>Mondiaux <\/strong>au Rwanda.<\/p>\n<p>Vid\u00e9o &#8211; Jonas Vingegaard en reconnaissance des \u00e9tapes du Tour Lire la suite de l&rsquo;article&#13;<\/p>\n<p>\u00a0<\/p>\n<p>&#13;<br \/>\n\u00ab\u00a0Jonas souhaite participer aux Championnats du Monde\u00a0\u00bb&#13;<\/p>\n<p>\u00ab\u00a0Il n\u2019a pas encore \u00e9t\u00e9 officiellement s\u00e9lectionn\u00e9, donc je ne peux pas affirmer qu\u2019il sera aux Mondiaux. Mais je peux confirmer que Jonas souhaite participer aux Championnats du Monde\u00a0\u00bb, a r\u00e9v\u00e9l\u00e9 le nouveau s\u00e9lectionneur national danois <strong>Michael Morkov<\/strong> \u00e0 <a href=\"https:\/\/www.dr.dk\/sporten\/cykling\/landstraener-bekraefter-vingegaard-vil-koere-vm-danmark\" target=\"_blank\" rel=\"noopener\">DR Sporten<\/a>. \u00ab\u00a0Et vu son niveau ces derni\u00e8res ann\u00e9es, il ferait \u00e9videmment partie de l\u2019\u00e9quipe nationale.\u00a0\u00bb<\/p>\n<p>&#13;<\/p>\n<p><strong>Vingegaard <\/strong>n\u2019a encore jamais repr\u00e9sent\u00e9 le Danemark, mais <strong>Morkov <\/strong>estime n\u00e9anmoins que le moment est venu pour le double vainqueur du<strong> Tour de France<\/strong> d\u2019enfiler le maillot rouge de son pays : \u00ab\u00a0Courir pour l\u2019\u00e9quipe nationale danoise, c\u2019est prestigieux. Et aujourd\u2019hui, avec un parcours mondial qui lui convient, il est naturel que Jonas ait envie d\u2019y participer.\u00a0\u00bb<\/p>\n<p>&#13;<\/p>\n<p>\u00a0<\/p>\n<p>&#13;<br \/>\n\u00ab\u00a0Le parcours lui convient bien\u00a0\u00bb&#13;<\/p>\n<p>Le trac\u00e9 propos\u00e9 au <strong>Rwanda<\/strong>, particuli\u00e8rement favorable aux grimpeurs, repr\u00e9sente sans doute l\u2019une des meilleures opportunit\u00e9s pour <strong>Vingegaard <\/strong>de d\u00e9crocher le c\u00e9l\u00e8bre maillot arc-en-ciel. Et avec une g\u00e9n\u00e9ration danoise tr\u00e8s comp\u00e9titive, <strong>Morkov <\/strong>se montre optimiste. \u00ab\u00a0C\u2019est tr\u00e8s positif. En tant que s\u00e9lectionneur, l\u2019un de mes objectifs est de rendre la s\u00e9lection nationale attractive et de pouvoir aligner nos meilleurs \u00e9l\u00e9ments. Je suis \u00e9videmment ravi que Jonas, tout comme Mattias Skjelmose, soit tr\u00e8s motiv\u00e9 pour les Mondiaux au Rwanda cet automne. On parle de deux des meilleurs grimpeurs du monde.\u00a0\u00bb<\/p>\n<p>&#13;<\/p>\n<p>\u00ab\u00a0Le parcours lui convient bien : il est tr\u00e8s vallonn\u00e9, avec beaucoup de d\u00e9nivel\u00e9. Certes, Jonas est plus \u00e0 l\u2019aise sur les longues ascensions, ce que le trac\u00e9 ne propose pas vraiment. Mais la course se d\u00e9roulera \u00e0 environ 1 500 m\u00e8tres d\u2019altitude, et Jonas a prouv\u00e9 qu\u2019il savait tr\u00e8s bien g\u00e9rer les efforts en altitude\u00a0\u00bb, conclut <strong>Morkov<\/strong>. \u00ab\u00a0C\u2019est un tr\u00e8s bon parcours pour Jonas comme pour Mattias.\u00a0\u00bb<\/p>\n","protected":false},"excerpt":{"rendered":"Alors qu&rsquo;il fait sans aucun doute partie des meilleurs coureurs de sa g\u00e9n\u00e9ration, Jonas Vingegaard (Visma | Lease&hellip;\n","protected":false},"author":2,"featured_media":107090,"comment_status":"","ping_status":"","sticky":false,"template":"","format":"standard","meta":{"footnotes":""},"categories":[1411],"tags":[22448,1154,207,211,1011,27,209,60,210,212,208,213],"class_list":{"0":"post-107089","1":"post","2":"type-post","3":"status-publish","4":"format-standard","5":"has-post-thumbnail","7":"category-cyclisme","8":"tag-championnats-du-monde","9":"tag-cycling","10":"tag-cyclisme","11":"tag-ffc","12":"tag-fr","13":"tag-france","14":"tag-route","15":"tag-sports","16":"tag-tour-de-france","17":"tag-uci","18":"tag-velo","19":"tag-world-tour"},"share_on_mastodon":{"url":"https:\/\/pubeurope.com\/@fr\/114523515403352637","error":""},"_links":{"self":[{"href":"https:\/\/www.europesays.com\/fr\/wp-json\/wp\/v2\/posts\/107089","targetHints":{"allow":["GET"]}}],"collection":[{"href":"https:\/\/www.europesays.com\/fr\/wp-json\/wp\/v2\/posts"}],"about":[{"href":"https:\/\/www.europesays.com\/fr\/wp-json\/wp\/v2\/types\/post"}],"author":[{"embeddable":true,"href":"https:\/\/www.europesays.com\/fr\/wp-json\/wp\/v2\/users\/2"}],"replies":[{"embeddable":true,"href":"https:\/\/www.europesays.com\/fr\/wp-json\/wp\/v2\/comments?post=107089"}],"version-history":[{"count":0,"href":"https:\/\/www.europesays.com\/fr\/wp-json\/wp\/v2\/posts\/107089\/revisions"}],"wp:featuredmedia":[{"embeddable":true,"href":"https:\/\/www.europesays.com\/fr\/wp-json\/wp\/v2\/media\/107090"}],"wp:attachment":[{"href":"https:\/\/www.europesays.com\/fr\/wp-json\/wp\/v2\/media?parent=107089"}],"wp:term":[{"taxonomy":"category","embeddable":true,"href":"https:\/\/www.europesays.com\/fr\/wp-json\/wp\/v2\/categories?post=107089"},{"taxonomy":"post_tag","embeddable":true,"href":"https:\/\/www.europesays.com\/fr\/wp-json\/wp\/v2\/tags?post=107089"}],"curies":[{"name":"wp","href":"https:\/\/api.w.org\/{rel}","templated":true}]}}