{"id":107094,"date":"2025-05-17T13:58:09","date_gmt":"2025-05-17T13:58:09","guid":{"rendered":"https:\/\/www.europesays.com\/fr\/107094\/"},"modified":"2025-05-17T13:58:09","modified_gmt":"2025-05-17T13:58:09","slug":"haute-loire-a-craponne-sur-arzon-la-deuxieme-edition-du-salon-du-livre-bat-son-plein","status":"publish","type":"post","link":"https:\/\/www.europesays.com\/fr\/107094\/","title":{"rendered":"Haute-Loire. \u00c0 Craponne-sur-Arzon, la deuxi\u00e8me \u00e9dition du salon du livre bat son plein"},"content":{"rendered":"<p>Le deuxi\u00e8me salon du livre se <a href=\"https:\/\/www.leprogres.fr\/culture-loisirs\/2025\/04\/20\/le-deuxieme-salon-du-livre-se-tiendra-les-17-et-18-mai\" target=\"_blank\" rel=\"noopener\">poursuit toute la journ\u00e9e de ce samedi 17\u00a0mai<\/a> \u00e0 la Grenette jusqu\u2019\u00e0 18\u00a0heures. Apr\u00e8s un vendredi plac\u00e9 sous le signe des tables rondes et conf\u00e9rences autour des reporters de guerre du Figaro, ce samedi 17\u00a0mai \u00e9tait consacr\u00e9 aux livres.<\/p>\n<p>Cette journ\u00e9e a permis au public venu nombreux de d\u00e9couvrir quelque 35 auteurs ou \u00e9diteurs. Plusieurs \u00e9crivains altilig\u00e9riens sont pr\u00e9sents \u00e0 ce rendez-vous du livre en pays de Craponne. Un espace litt\u00e9rature et botanique, install\u00e9 \u00e0 la salle d\u2019exposition de la Grenette, compl\u00e8te ce salon 2025.<\/p>\n","protected":false},"excerpt":{"rendered":"Le deuxi\u00e8me salon du livre se poursuit toute la journ\u00e9e de ce samedi 17\u00a0mai \u00e0 la Grenette jusqu\u2019\u00e0&hellip;\n","protected":false},"author":2,"featured_media":107095,"comment_status":"","ping_status":"","sticky":false,"template":"","format":"standard","meta":{"footnotes":""},"categories":[1357],"tags":[1379,6211,22449,22450,1687,58,10446,59,1011,27,1380,2410,5486],"class_list":{"0":"post-107094","1":"post","2":"type-post","3":"status-publish","4":"format-standard","5":"has-post-thumbnail","7":"category-livres","8":"tag-books","9":"tag-conference","10":"tag-craponne-sur-arzon","11":"tag-craponne-sur-arzon-bassin","12":"tag-culture-loisirs","13":"tag-divertissement","14":"tag-edition-haute-loire","15":"tag-entertainment","16":"tag-fr","17":"tag-france","18":"tag-livres","19":"tag-livres-bd","20":"tag-rencontre"},"share_on_mastodon":{"url":"https:\/\/pubeurope.com\/@fr\/114523531096354833","error":""},"_links":{"self":[{"href":"https:\/\/www.europesays.com\/fr\/wp-json\/wp\/v2\/posts\/107094","targetHints":{"allow":["GET"]}}],"collection":[{"href":"https:\/\/www.europesays.com\/fr\/wp-json\/wp\/v2\/posts"}],"about":[{"href":"https:\/\/www.europesays.com\/fr\/wp-json\/wp\/v2\/types\/post"}],"author":[{"embeddable":true,"href":"https:\/\/www.europesays.com\/fr\/wp-json\/wp\/v2\/users\/2"}],"replies":[{"embeddable":true,"href":"https:\/\/www.europesays.com\/fr\/wp-json\/wp\/v2\/comments?post=107094"}],"version-history":[{"count":0,"href":"https:\/\/www.europesays.com\/fr\/wp-json\/wp\/v2\/posts\/107094\/revisions"}],"wp:featuredmedia":[{"embeddable":true,"href":"https:\/\/www.europesays.com\/fr\/wp-json\/wp\/v2\/media\/107095"}],"wp:attachment":[{"href":"https:\/\/www.europesays.com\/fr\/wp-json\/wp\/v2\/media?parent=107094"}],"wp:term":[{"taxonomy":"category","embeddable":true,"href":"https:\/\/www.europesays.com\/fr\/wp-json\/wp\/v2\/categories?post=107094"},{"taxonomy":"post_tag","embeddable":true,"href":"https:\/\/www.europesays.com\/fr\/wp-json\/wp\/v2\/tags?post=107094"}],"curies":[{"name":"wp","href":"https:\/\/api.w.org\/{rel}","templated":true}]}}