{"id":107098,"date":"2025-05-17T14:00:09","date_gmt":"2025-05-17T14:00:09","guid":{"rendered":"https:\/\/www.europesays.com\/fr\/107098\/"},"modified":"2025-05-17T14:00:09","modified_gmt":"2025-05-17T14:00:09","slug":"jul-ouvre-un-nouveau-store-ephemere-pour-ses-deux-concerts-au-velodrome","status":"publish","type":"post","link":"https:\/\/www.europesays.com\/fr\/107098\/","title":{"rendered":"Jul ouvre un nouveau store \u00e9ph\u00e9m\u00e8re pour ses deux concerts au V\u00e9lodrome"},"content":{"rendered":"<p>Sur les r\u00e9seaux sociaux, comme il en a l&rsquo;habitude, <a href=\"https:\/\/www.laprovence.com\/article\/culture-loisirs\/5679199610945314\/on-taime-donne-nous-des-places-pour-le-velodrome-les-reactions-des-fans-au-concert-de-jul-au-stade-de-france\" target=\"_blank\" rel=\"nofollow noopener\">Jul a annonc\u00e9 l&rsquo;ouverture<\/a> d&rsquo;un \u00ab\u00a0Jul Store\u00a0\u00bb \u00e0 Marseille.\u00a0<\/p>\n<p>Un nouveau lieu \u00e0 Marseille pour le Jul Store<\/p>\n<p>\u00ab\u00a0Ma team, vous l&rsquo;avez demand\u00e9. Nouveau Jul Store \u00e0 Marseille, \u00e9crit-il sur \u00ab\u00a0X\u00a0\u00bb accompagn\u00e9 d&rsquo;un emoji de deux mains r\u00e9alisant un coeur. Du 23 mai au 7 juin au centre commercial Prado-Shopping\u00a0\u00bb.\u00a0<\/p>\n<p>C&rsquo;est donc \u00e0 seulement quelques m\u00e8tres de l&rsquo;antre du boulevard Michelet que le rappeur a d\u00e9cid\u00e9 d&rsquo;installer sa boutique \u00e9ph\u00e9m\u00e8re. Un choix judicieux avec une ouverture le jour de son premier concert \u00e0 l&rsquo;Orange V\u00e9lodrome o\u00f9 plusieurs dizaines de milliers de fans sont attendues.\u00a0<\/p>\n<p>De nombreux accessoires, tenues et autre goodies \u00e0 son effigie qui, une nouvelle fois, se vendront certainement comme des petits pains.\u00a0<\/p>\n","protected":false},"excerpt":{"rendered":"Sur les r\u00e9seaux sociaux, comme il en a l&rsquo;habitude, Jul a annonc\u00e9 l&rsquo;ouverture d&rsquo;un \u00ab\u00a0Jul Store\u00a0\u00bb \u00e0 Marseille.\u00a0&hellip;\n","protected":false},"author":2,"featured_media":107099,"comment_status":"","ping_status":"","sticky":false,"template":"","format":"standard","meta":{"footnotes":""},"categories":[1355],"tags":[17,11647,58,59,11645,1011,27,1279,1361,873,2043,10102,471,16,96],"class_list":{"0":"post-107098","1":"post","2":"type-post","3":"status-publish","4":"format-standard","5":"has-post-thumbnail","7":"category-musique","8":"tag-17","9":"tag-boutique","10":"tag-divertissement","11":"tag-entertainment","12":"tag-ephemere","13":"tag-fr","14":"tag-france","15":"tag-jul","16":"tag-music","17":"tag-musique","18":"tag-nouvelle","19":"tag-ouvre","20":"tag-pour","21":"tag-region","22":"tag-une"},"share_on_mastodon":{"url":"https:\/\/pubeurope.com\/@fr\/114523538942165788","error":""},"_links":{"self":[{"href":"https:\/\/www.europesays.com\/fr\/wp-json\/wp\/v2\/posts\/107098","targetHints":{"allow":["GET"]}}],"collection":[{"href":"https:\/\/www.europesays.com\/fr\/wp-json\/wp\/v2\/posts"}],"about":[{"href":"https:\/\/www.europesays.com\/fr\/wp-json\/wp\/v2\/types\/post"}],"author":[{"embeddable":true,"href":"https:\/\/www.europesays.com\/fr\/wp-json\/wp\/v2\/users\/2"}],"replies":[{"embeddable":true,"href":"https:\/\/www.europesays.com\/fr\/wp-json\/wp\/v2\/comments?post=107098"}],"version-history":[{"count":0,"href":"https:\/\/www.europesays.com\/fr\/wp-json\/wp\/v2\/posts\/107098\/revisions"}],"wp:featuredmedia":[{"embeddable":true,"href":"https:\/\/www.europesays.com\/fr\/wp-json\/wp\/v2\/media\/107099"}],"wp:attachment":[{"href":"https:\/\/www.europesays.com\/fr\/wp-json\/wp\/v2\/media?parent=107098"}],"wp:term":[{"taxonomy":"category","embeddable":true,"href":"https:\/\/www.europesays.com\/fr\/wp-json\/wp\/v2\/categories?post=107098"},{"taxonomy":"post_tag","embeddable":true,"href":"https:\/\/www.europesays.com\/fr\/wp-json\/wp\/v2\/tags?post=107098"}],"curies":[{"name":"wp","href":"https:\/\/api.w.org\/{rel}","templated":true}]}}