{"id":107106,"date":"2025-05-17T14:04:08","date_gmt":"2025-05-17T14:04:08","guid":{"rendered":"https:\/\/www.europesays.com\/fr\/107106\/"},"modified":"2025-05-17T14:04:08","modified_gmt":"2025-05-17T14:04:08","slug":"une-fete-sans-aucun-respect-sa-soiree-a-cannes-vire-au-cauchemar","status":"publish","type":"post","link":"https:\/\/www.europesays.com\/fr\/107106\/","title":{"rendered":"\u00ab\u00a0Une f\u00eate sans aucun respect\u00a0\u00bb, sa soir\u00e9e \u00e0 Cannes vire au cauchemar"},"content":{"rendered":"<p>La 78e \u00e9dition du Festival de Cannes s&rsquo;est officiellement ouverte le mardi 13 mai 2025. Ce jour-l\u00e0, France 2 a boulevers\u00e9 sa grille de programmation pour retransmettre en direct <strong>la c\u00e9r\u00e9monie d&rsquo;ouverture pr\u00e9sent\u00e9e par Laurent Lafitte<\/strong>. Le com\u00e9dien sera \u00e9galement aux commandes de la c\u00e9r\u00e9monie de cl\u00f4ture programm\u00e9e le samedi 24 mai 2025, toujours sur France 2. Vendredi 16 mai 2025, de nombreuses c\u00e9l\u00e9brit\u00e9s ont une nouvelle fois foul\u00e9 le tapis rouge du Festival de Cannes. Parmi ces derni\u00e8res, on peut notamment citer la chanteuse Carla Bruni. Grand habitu\u00e9e de l&rsquo;\u00e9v\u00e8nement, l&rsquo;\u00e9pouse de Nicolas Sarkozy a une nouvelle fois <strong>illumin\u00e9 la Croisette gr\u00e2ce \u00e0 sa magnifique tenue de soir\u00e9e<\/strong>.<\/p>\n<p>Festival de Cannes : l&rsquo;ancienne Premi\u00e8re dame a pouss\u00e9 un coup de gueule sur Instagram<\/p>\n<p>Par la suite, Carla Bruni a assist\u00e9 \u00e0 la c\u00e9r\u00e9monie du Troph\u00e9e Chopard. Organis\u00e9e en marge du Festival de Cannes. Pour rappel, il s&rsquo;agit d&rsquo;une remise de prix destin\u00e9e \u00e0 c\u00e9l\u00e9brer les nouveaux espoirs du cin\u00e9ma. Et qui permet \u00e0 de jeunes acteurs de <strong>se faire un nom aupr\u00e8s du public et des membres de l\u2019industrie<\/strong>. Pour l&rsquo;occasion, la m\u00e8re de Giulia Sarkozy arborait une robe sign\u00e9e Vivienne Westwood. Malheureusement, la soir\u00e9e de Carla Bruni a vir\u00e9 au cauchemar. L&rsquo;ancienne Premi\u00e8re dame en a d\u00e9voil\u00e9 les raisons dans la story de son compte Instagram. \u00ab\u00a0La soir\u00e9e des troph\u00e9es Chopard \u00e9tait merveilleuse. <strong>On a honor\u00e9 des jeunes talents.<\/strong> On a rencontr\u00e9 toute l\u2019\u00e9quipe du jury. (&#8230;)<a href=\"https:\/\/www.closermag.fr\/people\/carla-bruni-une-fete-sans-aucun-respect-sa-soiree-a-cannes-vire-au-cauchemar-3545773\" rel=\"nofollow noopener\" target=\"_blank\" data-ylk=\"slk:Lire la suite sur Closer;elm:context_link;itc:0;sec:content-canvas\" class=\"link \">Lire la suite sur Closer<\/a><a href=\"https:\/\/www.closermag.fr\/people\/ary-abittan-cette-histoire-ne-ma-pas-detruit-lhumoriste-revient-sur-les-accusations-de-viols-contre-lui-3545846\" rel=\"nofollow noopener\" target=\"_blank\" data-ylk=\"slk:Ary Abittan : &quot;Cette histoire ne m\u2019a pas d\u00e9truit&quot;, l\u2019humoriste revient sur les accusations de viols contre lui;elm:context_link;itc:0;sec:content-canvas\" class=\"link \">Ary Abittan : \u00ab\u00a0Cette histoire ne m\u2019a pas d\u00e9truit\u00a0\u00bb, l\u2019humoriste revient sur les accusations de viols contre lui<\/a><br \/><a href=\"https:\/\/www.closermag.fr\/people\/werenoi-mort-a-31-ans-les-causes-du-deces-du-rappeur-devoilees-3545832\" rel=\"nofollow noopener\" target=\"_blank\" data-ylk=\"slk:Werenoi mort \u00e0 31 ans : les causes du d\u00e9c\u00e8s du rappeur d\u00e9voil\u00e9es;elm:context_link;itc:0;sec:content-canvas\" class=\"link \">Werenoi mort \u00e0 31 ans : les causes du d\u00e9c\u00e8s du rappeur d\u00e9voil\u00e9es<\/a><br \/><a href=\"https:\/\/www.closermag.fr\/people\/prince-harry-et-meghan-markle-cette-verite-sur-leur-depart-quils-cachent-3545824\" rel=\"nofollow noopener\" target=\"_blank\" data-ylk=\"slk:Prince Harry et Meghan Markle : cette v\u00e9rit\u00e9 sur leur d\u00e9part qu\u2019ils cachent;elm:context_link;itc:0;sec:content-canvas\" class=\"link \">Prince Harry et Meghan Markle : cette v\u00e9rit\u00e9 sur leur d\u00e9part qu\u2019ils cachent<\/a><br \/><a href=\"https:\/\/www.closermag.fr\/royautes\/kate-middleton-face-au-cancer-avec-william-leurs-priorites-ont-pris-un-nouveau-chemin-3545830\" rel=\"nofollow noopener\" target=\"_blank\" data-ylk=\"slk:Kate Middleton face au cancer : avec William, leurs priorit\u00e9s ont pris un nouveau chemin;elm:context_link;itc:0;sec:content-canvas\" class=\"link \">Kate Middleton face au cancer : avec William, leurs priorit\u00e9s ont pris un nouveau chemin<\/a><br \/><a href=\"https:\/\/www.closermag.fr\/people\/biopic-de-johnny-hallyday-raphael-quenard-se-paie-la-tete-de-yann-barthes-3545822\" rel=\"nofollow noopener\" target=\"_blank\" data-ylk=\"slk:Biopic de Johnny Hallyday : Rapha\u00ebl Quenard se paie la t\u00eate de Yann Barth\u00e8s;elm:context_link;itc:0;sec:content-canvas\" class=\"link \">Biopic de Johnny Hallyday : Rapha\u00ebl Quenard se paie la t\u00eate de Yann Barth\u00e8s<\/a><\/p>\n","protected":false},"excerpt":{"rendered":"La 78e \u00e9dition du Festival de Cannes s&rsquo;est officiellement ouverte le mardi 13 mai 2025. Ce jour-l\u00e0, France&hellip;\n","protected":false},"author":2,"featured_media":107107,"comment_status":"","ping_status":"","sticky":false,"template":"","format":"standard","meta":{"footnotes":""},"categories":[8],"tags":[12667,14332,22453,58,59,5634,1011,27,3091],"class_list":{"0":"post-107106","1":"post","2":"type-post","3":"status-publish","4":"format-standard","5":"has-post-thumbnail","7":"category-divertissement","8":"tag-carla-bruni","9":"tag-ceremonie-douverture","10":"tag-ceremonie-de-cloture","11":"tag-divertissement","12":"tag-entertainment","13":"tag-festival-de-cannes","14":"tag-fr","15":"tag-france","16":"tag-nicolas-sarkozy"},"share_on_mastodon":{"url":"https:\/\/pubeurope.com\/@fr\/114523554688327726","error":""},"_links":{"self":[{"href":"https:\/\/www.europesays.com\/fr\/wp-json\/wp\/v2\/posts\/107106","targetHints":{"allow":["GET"]}}],"collection":[{"href":"https:\/\/www.europesays.com\/fr\/wp-json\/wp\/v2\/posts"}],"about":[{"href":"https:\/\/www.europesays.com\/fr\/wp-json\/wp\/v2\/types\/post"}],"author":[{"embeddable":true,"href":"https:\/\/www.europesays.com\/fr\/wp-json\/wp\/v2\/users\/2"}],"replies":[{"embeddable":true,"href":"https:\/\/www.europesays.com\/fr\/wp-json\/wp\/v2\/comments?post=107106"}],"version-history":[{"count":0,"href":"https:\/\/www.europesays.com\/fr\/wp-json\/wp\/v2\/posts\/107106\/revisions"}],"wp:featuredmedia":[{"embeddable":true,"href":"https:\/\/www.europesays.com\/fr\/wp-json\/wp\/v2\/media\/107107"}],"wp:attachment":[{"href":"https:\/\/www.europesays.com\/fr\/wp-json\/wp\/v2\/media?parent=107106"}],"wp:term":[{"taxonomy":"category","embeddable":true,"href":"https:\/\/www.europesays.com\/fr\/wp-json\/wp\/v2\/categories?post=107106"},{"taxonomy":"post_tag","embeddable":true,"href":"https:\/\/www.europesays.com\/fr\/wp-json\/wp\/v2\/tags?post=107106"}],"curies":[{"name":"wp","href":"https:\/\/api.w.org\/{rel}","templated":true}]}}