{"id":107114,"date":"2025-05-17T14:08:13","date_gmt":"2025-05-17T14:08:13","guid":{"rendered":"https:\/\/www.europesays.com\/fr\/107114\/"},"modified":"2025-05-17T14:08:13","modified_gmt":"2025-05-17T14:08:13","slug":"le-rappeur-werenoi-plus-gros-vendeur-dalbums-en-2024-est-mort-a-lage-de-31-ans","status":"publish","type":"post","link":"https:\/\/www.europesays.com\/fr\/107114\/","title":{"rendered":"Le rappeur Werenoi, plus gros vendeur d&rsquo;albums en 2024, est mort \u00e0 l&rsquo;\u00e2ge de 31 ans"},"content":{"rendered":"<p class=\"article-p mdl\">Il \u00e9tait la valeur montante du rap fran\u00e7ais.\u00a0Werenoi, de son vrai nom J\u00e9r\u00e9my Bana Owona, est d\u00e9c\u00e9d\u00e9 ce samedi 17 mai, \u00e0 l&rsquo;\u00e2ge de 31 ans,\u00a0a annonc\u00e9 son producteur.\u00a0Les circonstances du d\u00e9c\u00e8s n&rsquo;ont pas \u00e9t\u00e9 communiqu\u00e9es.<\/p>\n<p class=\"article-p mdl\">Plus gros vendeur de disques en 2024 avec\u00a0276.968 exemplaires\u00a0\u00e9coul\u00e9s de son album\u00a0Pyramide, il avait devanc\u00e9 des artistes comme\u00a0Indochine, Pierre Garnier, Zaho de Sagazan, Taylor Swift ou encore Jul,\u00a0dans le top 10 des meilleures ventes de l&rsquo;ann\u00e9e.\u00a0Son pr\u00e9c\u00e9dent album,\u00a0Carr\u00e9, avait \u00e9galement termin\u00e9\u00a0<a class=\"link\" href=\"https:\/\/www.rtl.fr\/culture\/musique\/werenoi-jul-aya-nakamura-decouvrez-les-artistes-qui-dominent-le-top-200-des-ventes-d-albums-en-2023-7900339107\" title=\"Werenoi, Jul, Aya Nakamura\u2026 D\u00e9couvrez les artistes qui dominent le Top 200 des ventes d&#039;albums en 2023\" target=\"_blank\" rel=\"noopener\">en t\u00eate des ventes de l&rsquo;ann\u00e9e 2023<\/a>.<\/p>\n<p class=\"article-p mdl\">Sur Instagram, le maire de Montreuil Patrick Bessac salue \u00ab\u00a0une voix qui laisse derri\u00e8re elle une empreinte forte, sinc\u00e8re, ind\u00e9l\u00e9bile\u00a0\u00bb. \u00ab\u00a0\u00c0 travers ses textes, <strong>Werenoi racontait la rue<\/strong>, la fiert\u00e9, les douleurs, les espoirs aussi \u2014 ceux d\u2019une jeunesse souvent stigmatis\u00e9e, mais qui ne renonce pas. Il portait haut les couleurs de sa ville, Montreuil, et au-del\u00e0, celles d\u2019un v\u00e9cu partag\u00e9 par tant de jeunes en qu\u00eate de reconnaissance et de dignit\u00e9\u00a0\u00bb.<\/p>\n<p>            Une grande discr\u00e9tion m\u00e9diatique<\/p>\n<p class=\"article-p mdl\">Werenoi, <strong>J\u00e9r\u00e9my Bana Owona \u00e0 l&rsquo;\u00e9tat civil<\/strong>, a connu\u00a0<a class=\"link\" href=\"https:\/\/www.rtl.fr\/culture\/medias-people\/mort-de-werenoi-qui-etait-ce-rappeur-discret-numero-1-des-ventes-en-2024-7900506181\" target=\"_blank\" rel=\"noopener\">une carri\u00e8re de m\u00e9t\u00e9ore<\/a>, en s&rsquo;imposant comme l&rsquo;artiste ayant vendu le plus d&rsquo;albums en France en 2023 comme en 2024, selon les chiffres du Syndicat national de l&rsquo;\u00e9dition phonographique (Snep). Si, malgr\u00e9 ce succ\u00e8s immense, il est assez m\u00e9connu en dehors des amateurs de rap, c&rsquo;est qu&rsquo;il a cultiv\u00e9 une tr\u00e8s grande discr\u00e9tion m\u00e9diatique. Werenoi a revendiqu\u00e9 un go\u00fbt pour la modestie, la r\u00e9serve et le travail, qui lui aurait \u00e9t\u00e9 inculqu\u00e9 par sa famille camerounaise de Montreuil (Seine-Saint-Denis).<\/p>\n<p class=\"article-p mdl\">\u00catre l&rsquo;artiste qui vend le mieux, expliquait-il au Parisien en janvier 2024, \u00ab\u00a0c&rsquo;est quand m\u00eame une surprise, mais cela veut dire qu&rsquo;on a fait du bon travail\u00a0\u00bb. \u00ab\u00a0On ne l&rsquo;a pas f\u00eat\u00e9. Il faut garder la t\u00eate sur les \u00e9paules, dans la vie en g\u00e9n\u00e9ral. C&rsquo;est l&rsquo;\u00e9ducation que j&rsquo;ai re\u00e7ue\u00a0\u00bb, ajoutait-il. \u00ab\u00a0Le succ\u00e8s est arriv\u00e9 vite, c&rsquo;est vrai. C&rsquo;est d\u00fb, je pense, \u00e0 <strong>beaucoup de travail<\/strong>. Je passe quasiment ma vie en studio\u00a0\u00bb, confiait-il.<\/p>\n<p class=\"article-p mdl\"><strong>Werenoi <\/strong>s&rsquo;exposait avec une expression neutre et des lunettes de soleil. L&rsquo;expression de ses \u00e9motions \u00e9tait r\u00e9serv\u00e9e au public de ses concerts.<br \/>\u00ab\u00a0Je pr\u00e9f\u00e8re garder ma vie priv\u00e9e pour moi. \u00c0 trop parler, tu peux dire ce que tu n&rsquo;as pas envie de dire. Je pr\u00e9f\u00e8re le myst\u00e8re. J&rsquo;en dis assez sur moi dans mes textes\u00a0\u00bb, l\u00e2chait-il.<\/p>\n<p>    La r\u00e9daction vous recommande<\/p>\n<p class=\"s-newsletter__title\">\n                L\u2019actualit\u00e9 par la r\u00e9daction de RTL dans votre bo\u00eete mail.\n            <\/p>\n<p class=\"s-newsletter__subtitle\">\n                Gr\u00e2ce \u00e0 votre compte RTL abonnez-vous \u00e0 la newsletter RTL info pour suivre toute l&rsquo;actualit\u00e9 au quotidien\n            <\/p>\n<p>\n                                    Lire la suite\n                                <\/p>\n","protected":false},"excerpt":{"rendered":"Il \u00e9tait la valeur montante du rap fran\u00e7ais.\u00a0Werenoi, de son vrai nom J\u00e9r\u00e9my Bana Owona, est d\u00e9c\u00e9d\u00e9 ce&hellip;\n","protected":false},"author":2,"featured_media":107115,"comment_status":"","ping_status":"","sticky":false,"template":"","format":"standard","meta":{"footnotes":""},"categories":[4],"tags":[11,898,3983,107,1011,27,12,3616,25],"class_list":{"0":"post-107114","1":"post","2":"type-post","3":"status-publish","4":"format-standard","5":"has-post-thumbnail","7":"category-france","8":"tag-actualites","9":"tag-alerte","10":"tag-deces","11":"tag-fil-info","12":"tag-fr","13":"tag-france","14":"tag-news","15":"tag-rap","16":"tag-republique-francaise"},"share_on_mastodon":{"url":"https:\/\/pubeurope.com\/@fr\/114523570438262455","error":""},"_links":{"self":[{"href":"https:\/\/www.europesays.com\/fr\/wp-json\/wp\/v2\/posts\/107114","targetHints":{"allow":["GET"]}}],"collection":[{"href":"https:\/\/www.europesays.com\/fr\/wp-json\/wp\/v2\/posts"}],"about":[{"href":"https:\/\/www.europesays.com\/fr\/wp-json\/wp\/v2\/types\/post"}],"author":[{"embeddable":true,"href":"https:\/\/www.europesays.com\/fr\/wp-json\/wp\/v2\/users\/2"}],"replies":[{"embeddable":true,"href":"https:\/\/www.europesays.com\/fr\/wp-json\/wp\/v2\/comments?post=107114"}],"version-history":[{"count":0,"href":"https:\/\/www.europesays.com\/fr\/wp-json\/wp\/v2\/posts\/107114\/revisions"}],"wp:featuredmedia":[{"embeddable":true,"href":"https:\/\/www.europesays.com\/fr\/wp-json\/wp\/v2\/media\/107115"}],"wp:attachment":[{"href":"https:\/\/www.europesays.com\/fr\/wp-json\/wp\/v2\/media?parent=107114"}],"wp:term":[{"taxonomy":"category","embeddable":true,"href":"https:\/\/www.europesays.com\/fr\/wp-json\/wp\/v2\/categories?post=107114"},{"taxonomy":"post_tag","embeddable":true,"href":"https:\/\/www.europesays.com\/fr\/wp-json\/wp\/v2\/tags?post=107114"}],"curies":[{"name":"wp","href":"https:\/\/api.w.org\/{rel}","templated":true}]}}