{"id":107122,"date":"2025-05-17T14:12:39","date_gmt":"2025-05-17T14:12:39","guid":{"rendered":"https:\/\/www.europesays.com\/fr\/107122\/"},"modified":"2025-05-17T14:12:39","modified_gmt":"2025-05-17T14:12:39","slug":"vosges-elle-voit-son-pouce-se-faire-ecraser-une-employee-victime-dun-accident-du-travail-evacuee-vers-nancy","status":"publish","type":"post","link":"https:\/\/www.europesays.com\/fr\/107122\/","title":{"rendered":"Vosges. Elle voit son pouce se faire \u00e9craser, une employ\u00e9e victime d\u2019un accident du travail \u00e9vacu\u00e9e vers Nancy"},"content":{"rendered":"<p>En fin de matin\u00e9e ce mercredi, les sapeurs-pompiers sont intervenus dans une entreprise du Val-d\u2019Ajol pour secourir une employ\u00e9e victime d\u2019un accident du travail. Vers 11 h 30, cette derni\u00e8re a vu l\u2019un de ses pouces se faire \u00e9craser par une machine, alors qu\u2019elle venait accidentellement, d\u2019apr\u00e8s nos informations, d\u2019enclencher la marche avant. La trentenaire \u00e9tait porteuse de ses \u00e9quipements de s\u00e9curit\u00e9 au moment de l\u2019incident. Prise en charge par les secours, elle a \u00e9t\u00e9 \u00e9vacu\u00e9e vers un centre hospitalier de Nancy.<\/p>\n<p>Ce contenu est bloqu\u00e9 car vous n&rsquo;avez pas accept\u00e9 les cookies et autres traceurs.<\/p>\n<p>En cliquant sur \u00ab J\u2019accepte \u00bb, les cookies et autres traceurs seront d\u00e9pos\u00e9s et vous pourrez visualiser les contenus  (<a href=\"\" class=\"consentModule_policy\" target=\"_blank\" title=\"Consulter la politique de protection des donn\u00e9es du fournisseur\">plus d&rsquo;informations<\/a>).<\/p>\n<p>En cliquant sur \u00ab J\u2019accepte tous les cookies \u00bb, vous autorisez des d\u00e9p\u00f4ts de cookies et autres traceurs pour le stockage de vos donn\u00e9es sur nos sites et applications \u00e0 des fins de personnalisation et de ciblage publicitaire.<\/p>\n<p class=\"consentModule_secondaryText\">Vous gardez la possibilit\u00e9 de retirer votre consentement \u00e0 tout moment en consultant notre <a href=\"https:\/\/www.vosgesmatin.fr\/protection-des-donnees\" target=\"_blank\" title=\"Consulter notre politique de protection des donn\u00e9es\" rel=\"noopener\">politique de protection des donn\u00e9es<\/a>. <br \/>&#13;<br \/>\n            <a href=\"https:\/\/www.vosgesmatin.fr\/faits-divers-justice\/2025\/05\/14\/javascript:Didomi.notice.show()\" class=\"consentModule_cmp\" target=\"_blank\" rel=\"noopener\">G\u00e9rer mes choix<\/a>&#13;\n        <\/p>\n<p>&#13;<br \/>\n                        J&rsquo;accepte&#13;<br \/>\n            J&rsquo;accepte tous les cookies&#13;\n        <\/p>\n","protected":false},"excerpt":{"rendered":"En fin de matin\u00e9e ce mercredi, les sapeurs-pompiers sont intervenus dans une entreprise du Val-d\u2019Ajol pour secourir une&hellip;\n","protected":false},"author":2,"featured_media":107123,"comment_status":"","ping_status":"","sticky":false,"template":"","format":"standard","meta":{"footnotes":""},"categories":[9635],"tags":[119,1111,11,22455,1798,1777,674,274,107,1011,27,775,22454,1702,12,25,774],"class_list":{"0":"post-107122","1":"post","2":"type-post","3":"status-publish","4":"format-standard","5":"has-post-thumbnail","7":"category-nancy","8":"tag-accident","9":"tag-actu","10":"tag-actualites","11":"tag-cc-de-la-porte-des-vosges-meridionales-88a","12":"tag-edition-remiremont-gerardmer","13":"tag-eu","14":"tag-europe","15":"tag-faits-divers-justice","16":"tag-fil-info","17":"tag-fr","18":"tag-france","19":"tag-grand-est","20":"tag-le-val-dajol","21":"tag-nancy","22":"tag-news","23":"tag-republique-francaise","24":"tag-vosges"},"share_on_mastodon":{"url":"https:\/\/pubeurope.com\/@fr\/114523586234434547","error":""},"_links":{"self":[{"href":"https:\/\/www.europesays.com\/fr\/wp-json\/wp\/v2\/posts\/107122","targetHints":{"allow":["GET"]}}],"collection":[{"href":"https:\/\/www.europesays.com\/fr\/wp-json\/wp\/v2\/posts"}],"about":[{"href":"https:\/\/www.europesays.com\/fr\/wp-json\/wp\/v2\/types\/post"}],"author":[{"embeddable":true,"href":"https:\/\/www.europesays.com\/fr\/wp-json\/wp\/v2\/users\/2"}],"replies":[{"embeddable":true,"href":"https:\/\/www.europesays.com\/fr\/wp-json\/wp\/v2\/comments?post=107122"}],"version-history":[{"count":0,"href":"https:\/\/www.europesays.com\/fr\/wp-json\/wp\/v2\/posts\/107122\/revisions"}],"wp:featuredmedia":[{"embeddable":true,"href":"https:\/\/www.europesays.com\/fr\/wp-json\/wp\/v2\/media\/107123"}],"wp:attachment":[{"href":"https:\/\/www.europesays.com\/fr\/wp-json\/wp\/v2\/media?parent=107122"}],"wp:term":[{"taxonomy":"category","embeddable":true,"href":"https:\/\/www.europesays.com\/fr\/wp-json\/wp\/v2\/categories?post=107122"},{"taxonomy":"post_tag","embeddable":true,"href":"https:\/\/www.europesays.com\/fr\/wp-json\/wp\/v2\/tags?post=107122"}],"curies":[{"name":"wp","href":"https:\/\/api.w.org\/{rel}","templated":true}]}}