{"id":107124,"date":"2025-05-17T14:13:42","date_gmt":"2025-05-17T14:13:42","guid":{"rendered":"https:\/\/www.europesays.com\/fr\/107124\/"},"modified":"2025-05-17T14:13:42","modified_gmt":"2025-05-17T14:13:42","slug":"gendarme-blesse-lors-dun-rodeo-urbain-pres-de-nancy-ce-que-lon-sait","status":"publish","type":"post","link":"https:\/\/www.europesays.com\/fr\/107124\/","title":{"rendered":"Gendarme bless\u00e9 lors d&rsquo;un rod\u00e9o urbain pr\u00e8s de Nancy : ce que l&rsquo;on sait"},"content":{"rendered":"<p>Il \u00e9tait 21h vendredi soir quand deux gendarmes ont d\u00e9cid\u00e9 d&rsquo;interpeller un motard \u00e0 la conduite dangereuse.L&rsquo;homme commence par ralentir, puis acc\u00e9l\u00e8re et percute le militaire, le blessant gri\u00e8vement aux jambes.Apr\u00e8s avoir pris la fuite, le suspect s&rsquo;est rendu dans la matin\u00e9e au commissariat de Nancy.<a href=\"https:\/\/www.tf1info.fr\/actualite\/rodeos-urbains-avec-des-motos-et-des-scooters-un-phenomene-hors-de-controle-13040\/\" rel=\"noopener\" class=\"jsx-3118104007 Link jsx-1428418400 jsx-609604686\" target=\"_blank\"><\/p>\n<p style=\"font-weight:400\" class=\"jsx-1837267516\">Suivez la couverture compl\u00e8te<\/p>\n<p style=\"font-weight:800\" class=\"jsx-1837267516\">L&rsquo;inqui\u00e9tant ph\u00e9nom\u00e8ne des rod\u00e9os urbains<\/p>\n<p><\/a><\/p>\n<p data-module=\"article-paragraph\" class=\"jsx-362436225 Paragraph\">Les faits se sont produits dans la rue limit\u00e9e \u00e0 30 km\/h que l&rsquo;on d\u00e9couvre dans le reportage du 13H ci-dessus. En d\u00e9but de soir\u00e9e, alors qu&rsquo;ils patrouillent dans la petite ville de Neuves-Maisons (Meurthe-et-Moselle), ils rep\u00e8rent un motard \u00e0 la conduite dangereuse, <a href=\"https:\/\/www.tf1info.fr\/justice-faits-divers\/un-motard-blesse-un-gendarme-en-le-percutant-volontairement-lors-d-un-rodeo-urbain-en-meurthe-et-moselle-neuves-maisons-2371382.html\" target=\"_blank\" rel=\"noopener\">qui s&rsquo;enfuit \u00e0 leur approche<\/a>.<\/p>\n<p data-module=\"article-paragraph\" class=\"jsx-362436225 Paragraph Paragraph__End\">Ne parvenant pas \u00e0 le rattraper, les deux gendarmes reviennent sur les lieux pour r\u00e9colter des t\u00e9moignages. C&rsquo;est alors que le motard revient, vers 21h25, pr\u00e9cise le procureur de la R\u00e9publique dans un communiqu\u00e9. Le chef de patrouille lui somme de s&rsquo;arr\u00eater, en se pla\u00e7ant au milieu de la rue. L&rsquo;homme \u00e0 moto commence par ralentir, puis acc\u00e9l\u00e8re en direction du gendarme, et le percute \u00e0 50 km\/h. Il chute de la moto et s&rsquo;enfuit \u00e0 pied.\u00a0<\/p>\n<p>Le suspect remis aux gendarmes<\/p>\n<p data-module=\"article-paragraph\" class=\"jsx-362436225 Paragraph\">Le militaire est gri\u00e8vement bless\u00e9, souffrant notamment d&rsquo;une fracture ouverte du tibia \u2013 probablement due \u00e0 la b\u00e9quille de la 125 cm\u00b3. Se rendant compte que son camarade est rest\u00e9 au sol, le deuxi\u00e8me gendarme pr\u00e9f\u00e8re lui porter secours plut\u00f4t que de poursuivre le fuyard. Un deuxi\u00e8me individu en profite pour se saisir de la motocyclette et partir avec. Un important dispositif de recherche est alors mis en place pour retrouver les deux hommes et la moto.\u00a0<\/p>\n<p data-module=\"article-paragraph\" class=\"jsx-362436225 Paragraph Paragraph__End\">Selon des sources concordantes, le suspect s&rsquo;est finalement rendu ce samedi en fin de matin\u00e9e au commissariat central de Nancy, indiquant \u00eatre l&rsquo;auteur du refus d&rsquo;obtemp\u00e9rer et des blessures du gendarme. Les policiers l&rsquo;ont ensuite remis aux gendarmes. Il a \u00e9t\u00e9 plac\u00e9 en garde \u00e0 vue \u00e0 la section de recherches de Nancy.\u00a0<\/p>\n<p>Fracture ouverte<\/p>\n<p data-module=\"article-paragraph\" class=\"jsx-362436225 Paragraph Paragraph__End\">Le gendarme bless\u00e9, \u00e2g\u00e9 de 24 ans, a subi plusieurs op\u00e9rations chirurgicales dans la nuit. Il est toujours hospitalis\u00e9 ce samedi matin, mais ses jours ne sont pas en danger.\u00a0<\/p>\n<ul class=\"jsx-3657663356 ReadMoreArticle__List flex flex-column\">\n<li class=\"jsx-3657663356\"><a href=\"https:\/\/www.tf1info.fr\/justice-faits-divers\/video-tf1-rodeos-urbains-un-phenomene-en-recrudescence-partout-en-france-malgre-les-tentatives-pour-l-endiguer-2370111.html\" rel=\"noopener\" class=\"jsx-4233824444 Link flex\" target=\"_blank\"><img decoding=\"async\" src=\"https:\/\/www.europesays.com\/fr\/wp-content\/uploads\/2025\/05\/une-voiture-de-police-sur-le-site-du-rodeo-de-drancy-au-lendemain-des-echauffourees-7a9e21-1@1x.jpeg\" alt=\"Lire aussi\" loading=\"lazy\" importance=\"low\" fetchpriority=\"low\" class=\"\"\/>\n<p class=\"jsx-3657663356 ReadMoreArticle__Title\">Lire aussi<\/p>\n<p class=\"jsx-3657663356\">Rod\u00e9os urbains : un ph\u00e9nom\u00e8ne en recrudescence partout en France, malgr\u00e9 les tentatives pour l&rsquo;endiguer<\/p>\n<p><\/a><\/li>\n<\/ul>\n<p data-module=\"article-paragraph\" class=\"jsx-362436225 Paragraph Paragraph__End\">Une enqu\u00eate judiciaire a \u00e9t\u00e9 ouverte par le parquet de Nancy, du fait de tentative de meurtre sur un militaire de la gendarmerie nationale. La pratique de ce motocycliste s&rsquo;apparente \u00e0 un rod\u00e9o urbain, un ph\u00e9nom\u00e8ne qui, l&rsquo;an dernier, a donn\u00e9 lieu \u00e0 3480 interpellations, et \u00e0 la saisie de pr\u00e8s de 2500 v\u00e9hicules.<\/p>\n<p>La r\u00e9daction de TF1info | Reportage : \u00c9l\u00e9onore Payr\u00f3, Samuel Cardon<\/p>\n","protected":false},"excerpt":{"rendered":"Il \u00e9tait 21h vendredi soir quand deux gendarmes ont d\u00e9cid\u00e9 d&rsquo;interpeller un motard \u00e0 la conduite dangereuse.L&rsquo;homme commence&hellip;\n","protected":false},"author":2,"featured_media":107125,"comment_status":"","ping_status":"","sticky":false,"template":"","format":"standard","meta":{"footnotes":""},"categories":[9635],"tags":[1111,11,1921,2951,2950,1777,674,6017,1011,27,3381,775,1922,2954,22456,1702,12,25,133,2953,2949],"class_list":{"0":"post-107124","1":"post","2":"type-post","3":"status-publish","4":"format-standard","5":"has-post-thumbnail","7":"category-nancy","8":"tag-actu","9":"tag-actualites","10":"tag-article-video","11":"tag-criminalite","12":"tag-delinquance","13":"tag-eu","14":"tag-europe","15":"tag-fait-divers","16":"tag-fr","17":"tag-france","18":"tag-gendarmerie","19":"tag-grand-est","20":"tag-info","21":"tag-justice-et-faits-divers","22":"tag-linquietant-phenomene-des-rodeos-urbains","23":"tag-nancy","24":"tag-news","25":"tag-republique-francaise","26":"tag-video","27":"tag-video-police","28":"tag-violences"},"share_on_mastodon":{"url":"https:\/\/pubeurope.com\/@fr\/114523590094457435","error":""},"_links":{"self":[{"href":"https:\/\/www.europesays.com\/fr\/wp-json\/wp\/v2\/posts\/107124","targetHints":{"allow":["GET"]}}],"collection":[{"href":"https:\/\/www.europesays.com\/fr\/wp-json\/wp\/v2\/posts"}],"about":[{"href":"https:\/\/www.europesays.com\/fr\/wp-json\/wp\/v2\/types\/post"}],"author":[{"embeddable":true,"href":"https:\/\/www.europesays.com\/fr\/wp-json\/wp\/v2\/users\/2"}],"replies":[{"embeddable":true,"href":"https:\/\/www.europesays.com\/fr\/wp-json\/wp\/v2\/comments?post=107124"}],"version-history":[{"count":0,"href":"https:\/\/www.europesays.com\/fr\/wp-json\/wp\/v2\/posts\/107124\/revisions"}],"wp:featuredmedia":[{"embeddable":true,"href":"https:\/\/www.europesays.com\/fr\/wp-json\/wp\/v2\/media\/107125"}],"wp:attachment":[{"href":"https:\/\/www.europesays.com\/fr\/wp-json\/wp\/v2\/media?parent=107124"}],"wp:term":[{"taxonomy":"category","embeddable":true,"href":"https:\/\/www.europesays.com\/fr\/wp-json\/wp\/v2\/categories?post=107124"},{"taxonomy":"post_tag","embeddable":true,"href":"https:\/\/www.europesays.com\/fr\/wp-json\/wp\/v2\/tags?post=107124"}],"curies":[{"name":"wp","href":"https:\/\/api.w.org\/{rel}","templated":true}]}}