{"id":10713,"date":"2025-04-08T17:05:08","date_gmt":"2025-04-08T17:05:08","guid":{"rendered":"https:\/\/www.europesays.com\/fr\/10713\/"},"modified":"2025-04-08T17:05:08","modified_gmt":"2025-04-08T17:05:08","slug":"quais-de-seine-vegetalises-500-rues-pietonnisees-comment-paris-compte-booster-sa-biodiversite-dici-2030","status":"publish","type":"post","link":"https:\/\/www.europesays.com\/fr\/10713\/","title":{"rendered":"Quais de Seine v\u00e9g\u00e9talis\u00e9s, 500 rues pi\u00e9tonnis\u00e9es\u2026 Comment Paris compte booster sa biodiversit\u00e9 d&rsquo;ici 2030"},"content":{"rendered":"<p>            Par<br \/>\n        <strong><br \/>\n            <a href=\"https:\/\/actu.fr\/auteur\/augustin-delaporte\" title=\"Consulter tous les articles de Augustin Delaporte\" rel=\"nofollow noopener\" target=\"_blank\">Augustin Delaporte<\/a><br \/>\n        <\/strong><\/p>\n<p>        Publi\u00e9 le<\/p>\n<p>            8 avr. 2025 \u00e0 7h44        <\/p>\n<p>La feuille de route des <strong>cinq prochaines ann\u00e9es<\/strong> de la capitale pour <a href=\"https:\/\/actu.fr\/paris\/biodiversite\" rel=\"nofollow noopener\" target=\"_blank\">sa biodiversit\u00e9<\/a>, va \u00eatre pr\u00e9sent\u00e9e et soumise au vote du <a href=\"https:\/\/actu.fr\/tag\/conseil-de-paris\" rel=\"nofollow noopener\" target=\"_blank\">Conseil de Paris<\/a> \u00e0 venir, pr\u00e9vu du 8 au 11 avril 2025. Mis au point durant deux ans, avec les mairies d\u2019arrondissement, la communaut\u00e9 scientifique et \u00e0 partir d\u2019une consultation publique, le tout \u00ab\u00a0en coh\u00e9rence avec le plan climat, le PLU et le plan sant\u00e9 environnement\u00a0\u00bb, ce <strong>troisi\u00e8me plan biodiversit\u00e9 de la Ville<\/strong> a l\u2019ambition d\u2019\u00eatre une \u00ab\u00a0strat\u00e9gie concr\u00e8te et locale pour d\u00e9fendre le vivant, \u00e0 Paris et au-del\u00e0\u00a0\u00bb, pour la p\u00e9riode 2025-2030. En voici les contours, d\u00e9voil\u00e9s lors d\u2019une conf\u00e9rence de presse.<\/p>\n<p>Reconstituer des haies et poursuivre la pi\u00e9tonnisation des rues<\/p>\n<p class=\" wall-content\">Dix mesures phares ont \u00e9t\u00e9 \u00e9rig\u00e9es. D\u2019ici 2030, la <a href=\"https:\/\/actu.fr\/tag\/mairie-de-paris\" rel=\"nofollow noopener\" target=\"_blank\">Ville de Paris<\/a> se fixe, notamment, de planter des <strong>lin\u00e9aires de haies, \u00ab\u00a0v\u00e9ritable tr\u00e9sor de biodiversit\u00e9\u00a0\u00bb, allant de 500 m\u00e8tres<\/strong> jusqu\u2019\u00e0 plusieurs kilom\u00e8tres dans les arrondissements de la capitale. 360 nouvelles <a href=\"https:\/\/actu.fr\/ile-de-france\/aulnay-sous-bois_93005\/seine-saint-denis-dans-ce-college-les-travaux-de-vegetalisation-de-la-cour-menacent-un-jardin-potager_62223277.html\" rel=\"nofollow noopener\" target=\"_blank\">cours oasis<\/a> vont \u00e9galement voir le jour dans les \u00e9coles, cr\u00e8ches et coll\u00e8ges afin de \u00ab\u00a0donner l\u2019acc\u00e8s \u00e0 100 % des \u00e9l\u00e8ves \u00e0 un espace de nature dans leur \u00e9cole ou \u00e0 proximit\u00e9\u00a0\u00bb.<\/p>\n<p class=\" wall-content\">En ce sens, la Ville compte aussi d\u00e9ployer des \u00ab\u00a0aires \u00e9ducatives parisiennes\u00a0\u00bb, en lien avec l\u2019Office Fran\u00e7ais de la Biodiversit\u00e9 et plus particuli\u00e8rement pr\u00e8s de <a href=\"https:\/\/actu.fr\/tag\/la-seine\" rel=\"nofollow noopener\" target=\"_blank\">la Seine<\/a> et des canaux parisiens.\u00a0\u00a0<\/p>\n<p class=\" wall-content\">La v\u00e9g\u00e9talisation et la <a href=\"https:\/\/actu.fr\/ile-de-france\/paris_75056\/fermeture-a-la-circulation-jusqu-a-cet-ete-de-la-rue-tourlaque-a-paris-un-test-avec-enormement-de-pression_62450400.html\" rel=\"nofollow noopener\" target=\"_blank\">pi\u00e9tonnisation<\/a> de <strong>500 nouvelles rues<\/strong>, valid\u00e9es par la <a href=\"http:\/\/actu.fr\/ile-de-france\/paris_75056\/votation-citoyenne-a-paris-les-electeurs-ont-dit-oui-aux-rues-jardin-malgre-une-participation-tres-faible_62411320.html\" rel=\"nofollow noopener\" target=\"_blank\">votation citoyenne du 23 mars dernier<\/a>, fait partie des priorit\u00e9s du plan biodiversit\u00e9 2025-2030. Celle-ci est imbriqu\u00e9e dans l\u2019objectif plus large, d\u2019atteindre<strong> 30 % du territoire parisien perm\u00e9able<\/strong> et v\u00e9g\u00e9talis\u00e9 dans les cinq ans.\u00a0<\/p>\n<p>Lutter contre le morcellement des bois parisiens<\/p>\n<p class=\" wall-content\">Ce troisi\u00e8me plan pr\u00e9voit la cr\u00e9ation de 100 nouveaux quartiers comprenant des am\u00e9nagements d\u00e9di\u00e9s \u00e0 certaines esp\u00e8ces, comme le h\u00e9risson d\u2019Europe ou les chauves-souris. En parall\u00e8le, <strong>40 nouveaux espaces refuges<\/strong> de biodiversit\u00e9 et de gites, compos\u00e9s int\u00e9gralement de flore r\u00e9gionale, vont \u00eatre d\u00e9ploy\u00e9s.\u00a0<\/p>\n<p class=\" wall-content\"><a href=\"https:\/\/actu.fr\/ile-de-france\/paris_75056\/poelee-de-champignons-tisanes-a-paris-cette-association-vous-apprend-a-faire-vos-courses-dans-les-bois_61697482.html\" rel=\"nofollow noopener\" target=\"_blank\">Regorgeant d\u2019esp\u00e8ces animales, v\u00e9g\u00e9tales, de champignons<\/a> et de lichens, dont certaines sont prot\u00e9g\u00e9es, les <a href=\"https:\/\/actu.fr\/tag\/bois-de-boulogne\" rel=\"nofollow noopener\" target=\"_blank\">bois de Boulogne<\/a> et de <a href=\"https:\/\/actu.fr\/tag\/bois-de-vincennes\" rel=\"nofollow noopener\" target=\"_blank\">Vincennes<\/a> sont aujourd\u2019hui <strong>morcel\u00e9s par les routes<\/strong>.<\/p>\n<p class=\" wall-content\">Une situation sur laquelle <strong>la Ville de Paris compte avoir de l\u2019impact<\/strong>, en poursuivant sa strat\u00e9gie de d\u00e9simperm\u00e9abilisation et de v\u00e9g\u00e9talisation de ces espaces, comme sur les routes de Suresnes, du Pesage ou de Saint-Hubert. Ainsi, le plan entrevoit de <strong>fermer de nouvelles voies<\/strong> et d\u2019augmenter de 10 % la surface des <strong>zones de r\u00e9serve dans les bois<\/strong>, via la mise en d\u00e9fens de parcelles.\u00a0<\/p>\n<p>D\u00e9simperm\u00e9abiliser et v\u00e9g\u00e9taliser les quais de Seine<\/p>\n<p class=\" wall-content\">En lien avec la communaut\u00e9 scientifique et le monde associatif, la Ville a annonc\u00e9 mettre au point <strong>un barom\u00e8tre de la biodiversit\u00e9 \u00e0 Paris<\/strong>. Sa cr\u00e9ation sera accompagn\u00e9e de diverses actions, tel que la multiplication des programmes d\u2019inventaires et diagnostics sur les espaces naturels, ou le d\u00e9veloppement d\u2019\u00e9tudes sp\u00e9cifiques sur la biodiversit\u00e9 en milieu urbain, etc.\u00a0<\/p>\n<p class=\" wall-content\">Autre mesure majeure : Paris projette de multiplier les jardins flottants, radeaux v\u00e9g\u00e9talis\u00e9s et fray\u00e8res sur la Seine, mais aussi de d\u00e9simperm\u00e9abiliser et <strong>v\u00e9g\u00e9taliser les quais \u00ab l\u00e0 o\u00f9 il est possible de le faire<\/strong> \u00bb, afin d\u2019envisager \u00ab une continuit\u00e9 pi\u00e9tonne de biodiversit\u00e9, allant du bois de Vincennes au bois de Boulogne \u00bb.<\/p>\n<p class=\" wall-content\">Aujourd\u2019hui, le fleuve compte <strong>36 esp\u00e8ces de poissons<\/strong> (recens\u00e9es entre 2010 et 2024) et sert d\u2019axe de d\u00e9placement pour de nombreux oiseaux, chauves-souris et pour le v\u00e9g\u00e9tal, dont les graines sont dispers\u00e9es par les flots et le vent.<\/p>\n<p>Cr\u00e9er des jardins de pluie, mares, rivi\u00e8res et bassins v\u00e9g\u00e9talis\u00e9s<\/p>\n<p class=\" wall-content\">Diff\u00e9rents projets concernant la trame bleue parisienne, form\u00e9e par l\u2019ensemble des milieux humides (la Seine, les canaux, les lacs et berges des bois, etc.), sont pr\u00e9vus.<\/p>\n<p class=\" wall-content\">Paris, qui <strong>compte d\u00e9j\u00e0 180 mares<\/strong>, veut en cr\u00e9er d\u2019autres, notamment dans les parcs et jardins de moins d\u2019un hectare qui n\u2019en disposent pas encore.<\/p>\n<p class=\" wall-content\">En 2025, <strong>une nouvelle rivi\u00e8re doit voir le jour<\/strong> dans la plaine Mortemart, au bois de Vincennes, tandis que des \u00e9tudes pour le prolongement de la rivi\u00e8re s\u00e8che du bois de Boulogne jusqu\u2019au foss\u00e9 du Saut du Loup et la renaissance progressive de la Bi\u00e8vres sont \u00e9galement dans les tuyaux.<\/p>\n<p>Fa\u00e7onner un urbanisme parisien favorable \u00e0 la biodiversit\u00e9\u00a0<\/p>\n<p class=\" wall-content\">Le plan biodiversit\u00e9 consacre le \u00ab <strong>b\u00e2ti en tant que support de v\u00e9g\u00e9talisation \u00bb<\/strong>. Dans la continuit\u00e9 du PLU bioclimatique (adopt\u00e9 en novembre 2024) et du <a href=\"https:\/\/actu.fr\/ile-de-france\/paris_75056\/vegetalisation-taxe-d-abattage-foret-urbaine-paris-presente-son-plan-arbre_45432737.html\" rel=\"nofollow noopener\" target=\"_blank\">plan arbre (adopt\u00e9 en octobre 2021)<\/a>, la Ville de Paris aspire \u00e0 <strong>v\u00e9g\u00e9taliser 40 hectares suppl\u00e9mentaires de surfaces b\u00e2ties<\/strong>, publiques et priv\u00e9es, d\u2019ici 2030.<\/p>\n<p class=\" wall-content\">L\u2019ex\u00e9cutif planifie de financer la <strong>v\u00e9g\u00e9talisation de 100 copropri\u00e9t\u00e9s priv\u00e9es<\/strong>, gr\u00e2ce, notamment, au dispositif lanc\u00e9 en 2023, Copr\u2019Oasis. Dans le m\u00eame temps, celui-ci introduit dans le plan un <strong>nouvel outil d\u2019auto\u00e9valuation<\/strong>, le BiodivScore, \u00e0 destination des concepteurs et am\u00e9nageurs, afin de les aider \u00e0 jauger \u00ab\u00a0la qualit\u00e9 \u00e9cologique de leur proje\u00a0\u00bbt et \u00e0 \u00ab\u00a0identifier les points \u00e0 renforcer\u00a0\u00bb.<\/p>\n<p>84 projets locaux au programme\u00a0<\/p>\n<p class=\" wall-content\">Ultime mesure phare, la Ville de Paris se targue de \u00ab\u00a0devenir la <strong>premi\u00e8re capitale \u00e0 s\u2019engager \u00e0 calculer son empreinte biodiversit\u00e9<\/strong> \u00bb, en int\u00e9grant cette mesure \u00e0 son plan 2025-2030. Cette derni\u00e8re couvrira \u00e0 la fois \u00ab l\u2019empreinte domestique \u00bb, mais aussi \u00ab l\u2019empreinte import\u00e9e \u00bb, qui concerne la production des biens et services consomm\u00e9s par la population ou l\u2019administration parisienne.<\/p>\n<p class=\" wall-content\">La Ville se donne, enfin, l\u2019objectif de <strong>r\u00e9orienter 100 % des d\u00e9penses identifi\u00e9es comme d\u00e9favorables<\/strong> \u00e0 la biodiversit\u00e9 vers des achats et financements plus vertueux d\u2019ici 2030.<\/p>\n<p class=\" wall-content\">En parall\u00e8le de ces mesures, <strong>84 projets locaux<\/strong> ont \u00e9t\u00e9 d\u00e9finis par les mairies d\u2019arrondissement. Et la Ville annonce le lancement d\u2019une exp\u00e9rimentation de solution d\u2019<strong>\u00e9clairage intelligent sur 10 sites<\/strong>, visant \u00e0 suivre l\u2019impact de cet \u00e9clairage sur la pr\u00e9sence de 3 esp\u00e8ces cibles : les papillons de la nuit, les chauves-souris, ainsi que les poissons.\u00a0\u00a0<\/p>\n<p>Un plan\u2026 sans budget<\/p>\n<p class=\" wall-content\">Le talon d\u2019Achille de ce nouveau plan biodiversit\u00e9, le troisi\u00e8me depuis 2011, r\u00e9side dans le fait qu\u2019<strong>il n\u2019est pas r\u00e8glementaire<\/strong> et qu\u2019il n\u2019a, de fait, pas de budget.<\/p>\n<p class=\" wall-content\">Fatoumata Kon\u00e9, pr\u00e9sidente du groupe <a href=\"https:\/\/actu.fr\/ile-de-france\/paris_75056\/municipales-2026-a-paris-david-belliard-une-personnalite-complexe-passee-d-outsider-a-champion-des-verts_62381904.html\" rel=\"nofollow noopener\" target=\"_blank\">Les \u00c9cologistes<\/a>, qui a largement \u0153uvr\u00e9 \u00e0 sa conception, conc\u00e9dait lors du point presse : \u00ab\u00a0J\u2019esp\u00e8re qu\u2019on y arrivera, \u00e0 ce qu\u2019il soit comme le PLU, ou le plan climat, qu\u2019il soit budg\u00e9t\u00e9 et <strong>pas qu\u2019un plan de communication<\/strong>\u2026 Il y a plein de propositions, mais il est vrai qu\u2019on ne sait pas encore, concr\u00e8tement, comment elles seront financ\u00e9es\u00a0\u00bb.\u00a0<\/p>\n<p class=\" wall-content\">Une t\u00e2che qui reviendra, en outre, \u00e0 la <strong>prochaine majorit\u00e9 \u00e9lue en 2026<\/strong>. L\u2019adjoint (Paris en commun) \u00e0 la maire de Paris en charge de la v\u00e9g\u00e9talisation de l\u2019espace public, de la biodiversit\u00e9 et de la condition animale, Christophe Najdovski pr\u00e9f\u00e9rait, lui, se montrer rassurant : \u00ab\u00a0La biodiversit\u00e9, c\u2019est une <strong>approche syst\u00e9mique<\/strong>. Pour un m\u00eame projet, vous pouvez avoir un impact positif, ou n\u00e9gatif, c\u2019est une priorit\u00e9 politique\u00a0\u00bb.<\/p>\n<p class=\" wall-content\">Suivez toute l\u2019actualit\u00e9 de vos villes et m\u00e9dias favoris en vous inscrivant \u00e0 <a href=\"https:\/\/moncompte.actu.fr\" title=\"D\u00e9couvez Mon Actu\" rel=\"nofollow noopener\" data-trk=\"{&quot;cta&quot;:{&quot;action&quot;:&quot;https:\\\/\\\/moncompte.actu.fr&quot;,&quot;category&quot;:&quot;mon compte&quot;,&quot;from&quot;:&quot;article footer&quot;,&quot;name&quot;:&quot;Mon actu&quot;,&quot;type&quot;:&quot;cta&quot;}}\" target=\"_blank\">Mon Actu<\/a>.<\/p>\n<ul class=\"ac-article-tag wall-content\">\n<li><a href=\"https:\/\/actu.fr\/tag\/environnement\" data-trk=\"{&quot;cta&quot;:{&quot;action&quot;:&quot;Environnement&quot;,&quot;category&quot;:&quot;tag&quot;,&quot;from&quot;:&quot;article footer&quot;,&quot;name&quot;:&quot;Environnement&quot;,&quot;type&quot;:&quot;cta&quot;}}\" rel=\"nofollow noopener\" target=\"_blank\">#Environnement<\/a><\/li>\n<li><a href=\"https:\/\/actu.fr\/tag\/mairie-de-paris\" data-trk=\"{&quot;cta&quot;:{&quot;action&quot;:&quot;Mairie de Paris&quot;,&quot;category&quot;:&quot;tag&quot;,&quot;from&quot;:&quot;article footer&quot;,&quot;name&quot;:&quot;Mairie de Paris&quot;,&quot;type&quot;:&quot;cta&quot;}}\" rel=\"nofollow noopener\" target=\"_blank\">#Mairie de Paris<\/a><\/li>\n<\/ul>\n","protected":false},"excerpt":{"rendered":"Par Augustin Delaporte Publi\u00e9 le 8 avr. 2025 \u00e0 7h44 La feuille de route des cinq prochaines ann\u00e9es&hellip;\n","protected":false},"author":2,"featured_media":10714,"comment_status":"","ping_status":"","sticky":false,"template":"","format":"standard","meta":{"footnotes":""},"categories":[1888],"tags":[1111,1928,11,1927,1130,436,1777,674,1011,27,2381,12,1926,626,1925,52,25],"class_list":{"0":"post-10713","1":"post","2":"type-post","3":"status-publish","4":"format-standard","5":"has-post-thumbnail","7":"category-paris","8":"tag-actu","9":"tag-actu-paris","10":"tag-actualites","11":"tag-actualites-paris","12":"tag-biodiversite","13":"tag-environnement","14":"tag-eu","15":"tag-europe","16":"tag-fr","17":"tag-france","18":"tag-mairie-de-paris","19":"tag-news","20":"tag-news-paris","21":"tag-paris","22":"tag-paris-news","23":"tag-planete","24":"tag-republique-francaise"},"share_on_mastodon":{"url":"https:\/\/pubeurope.com\/@fr\/114303436273800319","error":""},"_links":{"self":[{"href":"https:\/\/www.europesays.com\/fr\/wp-json\/wp\/v2\/posts\/10713","targetHints":{"allow":["GET"]}}],"collection":[{"href":"https:\/\/www.europesays.com\/fr\/wp-json\/wp\/v2\/posts"}],"about":[{"href":"https:\/\/www.europesays.com\/fr\/wp-json\/wp\/v2\/types\/post"}],"author":[{"embeddable":true,"href":"https:\/\/www.europesays.com\/fr\/wp-json\/wp\/v2\/users\/2"}],"replies":[{"embeddable":true,"href":"https:\/\/www.europesays.com\/fr\/wp-json\/wp\/v2\/comments?post=10713"}],"version-history":[{"count":0,"href":"https:\/\/www.europesays.com\/fr\/wp-json\/wp\/v2\/posts\/10713\/revisions"}],"wp:featuredmedia":[{"embeddable":true,"href":"https:\/\/www.europesays.com\/fr\/wp-json\/wp\/v2\/media\/10714"}],"wp:attachment":[{"href":"https:\/\/www.europesays.com\/fr\/wp-json\/wp\/v2\/media?parent=10713"}],"wp:term":[{"taxonomy":"category","embeddable":true,"href":"https:\/\/www.europesays.com\/fr\/wp-json\/wp\/v2\/categories?post=10713"},{"taxonomy":"post_tag","embeddable":true,"href":"https:\/\/www.europesays.com\/fr\/wp-json\/wp\/v2\/tags?post=10713"}],"curies":[{"name":"wp","href":"https:\/\/api.w.org\/{rel}","templated":true}]}}