{"id":107132,"date":"2025-05-17T14:18:27","date_gmt":"2025-05-17T14:18:27","guid":{"rendered":"https:\/\/www.europesays.com\/fr\/107132\/"},"modified":"2025-05-17T14:18:27","modified_gmt":"2025-05-17T14:18:27","slug":"un-mois-de-competition-et-de-decouverte-autour-des-courts-metrages","status":"publish","type":"post","link":"https:\/\/www.europesays.com\/fr\/107132\/","title":{"rendered":"un mois de comp\u00e9tition et de d\u00e9couverte autour des courts m\u00e9trages"},"content":{"rendered":"\n<p align=\"justify\">\u00ab\u00a0Courtivore\u00a0\u00bb est de retour dans l&rsquo;agglom\u00e9ration de Rouen. Les premiers films en comp\u00e9tition seront projet\u00e9s ce vendredi 16 mai au Cin\u00e9ma \u00ab\u00a0L&rsquo;Ariel\u00a0\u00bb de Mont-Saint-Aignan. Un rendez-vous qui pla\u00eet et qui a su trouver son public au fil des ans. \u00ab\u00a0C&rsquo;est le format, en fait, qu&rsquo;on a finalement assez peu l&rsquo;occasion de voir ailleurs que dans des festivals. <strong>C&rsquo;est des films aussi qui s&rsquo;affranchissent souvent de certains codes. Et donc, on a souvent des propositions qui sont assez originales, qui peuvent aussi un peu d\u00e9router parfois, <\/strong><strong>et <\/strong><strong>surprendre<\/strong>\u00a0\u00bb confie Elian Piriot, programmateur et directeur du festival.<\/p>\n<p><strong>Fiction, animation, documentaire<\/strong><\/p>\n<p align=\"justify\">Un type de format qui a l&rsquo;avantage de confronter les spectateurs \u00e0 diff\u00e9rents genres cin\u00e9matographiques au travers des nombreuses productions re\u00e7ues et s\u00e9lectionn\u00e9es par l&rsquo;\u00e9quipe du festival. \u00ab\u00a0Il y a de la fiction, de l&rsquo;animation, du documentaire, des choses peut-\u00eatre parfois m\u00eame un peu exp\u00e9rimentales. <strong>Et nous, on s&rsquo;arrange pour que dans chaque s\u00e9ance, de mani\u00e8re \u00e9quilibr\u00e9e \u00e0 chaque fois, mais qu&rsquo;on retrouve vraiment un petit peu de tout<\/strong>\u00a0\u00bb ajoute Elian Priot, qui avec son \u00e9quipe, a retenu 28 courts-m\u00e9trages parmi les 1600 films re\u00e7us pour cette 24e \u00e9dition.<\/p>\n<p> <strong>Des courts m\u00e9trages pour les plus jeunes<\/strong><\/p>\n<p align=\"justify\">Et en marge de la comp\u00e9tition qui livrera son palmar\u00e8s le 14 juin prochain, des projections th\u00e9matiques seront propos\u00e9es ces prochaines semaines, y compris pour les enfants. \u00ab\u00a0Par exemple, ce week-end, \u00e0 la biblioth\u00e8que Simone de Beauvoir, dimanche matin, on a une projection pour les enfants, donc plut\u00f4t un jeune public \u00e0 partir de 5-6 ans, je dirais. <strong>C&rsquo;est des films d&rsquo;animation, mais c&rsquo;est aussi des films assez po\u00e9tiques, dans des univers tr\u00e8s diff\u00e9rents les uns des autres. <\/strong>Et voil\u00e0, on aime bien aussi maintenant programmer toujours des choses pour le jeune public\u00a0\u00bb.<\/p>\n","protected":false},"excerpt":{"rendered":"\u00ab\u00a0Courtivore\u00a0\u00bb est de retour dans l&rsquo;agglom\u00e9ration de Rouen. Les premiers films en comp\u00e9tition seront projet\u00e9s ce vendredi 16&hellip;\n","protected":false},"author":2,"featured_media":107133,"comment_status":"","ping_status":"","sticky":false,"template":"","format":"standard","meta":{"footnotes":""},"categories":[9587],"tags":[1111,11,22464,22457,22458,22460,22462,1777,674,22459,1011,27,22461,22465,12,5161,22463,25,9590],"class_list":{"0":"post-107132","1":"post","2":"type-post","3":"status-publish","4":"format-standard","5":"has-post-thumbnail","7":"category-rouen","8":"tag-actu","9":"tag-actualites","10":"tag-ariel","11":"tag-courtivore","12":"tag-courtivore-rouen","13":"tag-courts-metrages","14":"tag-elian-pirio","15":"tag-eu","16":"tag-europe","17":"tag-festival-courts-metrages","18":"tag-fr","19":"tag-france","20":"tag-infos-rouen","21":"tag-mont-saint-aignan","22":"tag-news","23":"tag-normandie","24":"tag-omnia","25":"tag-republique-francaise","26":"tag-rouen"},"share_on_mastodon":{"url":"https:\/\/pubeurope.com\/@fr\/114523609680982610","error":""},"_links":{"self":[{"href":"https:\/\/www.europesays.com\/fr\/wp-json\/wp\/v2\/posts\/107132","targetHints":{"allow":["GET"]}}],"collection":[{"href":"https:\/\/www.europesays.com\/fr\/wp-json\/wp\/v2\/posts"}],"about":[{"href":"https:\/\/www.europesays.com\/fr\/wp-json\/wp\/v2\/types\/post"}],"author":[{"embeddable":true,"href":"https:\/\/www.europesays.com\/fr\/wp-json\/wp\/v2\/users\/2"}],"replies":[{"embeddable":true,"href":"https:\/\/www.europesays.com\/fr\/wp-json\/wp\/v2\/comments?post=107132"}],"version-history":[{"count":0,"href":"https:\/\/www.europesays.com\/fr\/wp-json\/wp\/v2\/posts\/107132\/revisions"}],"wp:featuredmedia":[{"embeddable":true,"href":"https:\/\/www.europesays.com\/fr\/wp-json\/wp\/v2\/media\/107133"}],"wp:attachment":[{"href":"https:\/\/www.europesays.com\/fr\/wp-json\/wp\/v2\/media?parent=107132"}],"wp:term":[{"taxonomy":"category","embeddable":true,"href":"https:\/\/www.europesays.com\/fr\/wp-json\/wp\/v2\/categories?post=107132"},{"taxonomy":"post_tag","embeddable":true,"href":"https:\/\/www.europesays.com\/fr\/wp-json\/wp\/v2\/tags?post=107132"}],"curies":[{"name":"wp","href":"https:\/\/api.w.org\/{rel}","templated":true}]}}