{"id":107134,"date":"2025-05-17T14:20:14","date_gmt":"2025-05-17T14:20:14","guid":{"rendered":"https:\/\/www.europesays.com\/fr\/107134\/"},"modified":"2025-05-17T14:20:14","modified_gmt":"2025-05-17T14:20:14","slug":"un-huis-clos-haletant-a-la-salle-edmond-vigne-les-24-et-25-mai","status":"publish","type":"post","link":"https:\/\/www.europesays.com\/fr\/107134\/","title":{"rendered":"un huis clos haletant \u00e0 la salle Edmond-Vigne, les 24 et 25\u00a0mai"},"content":{"rendered":"<p>Le week-end prochain, la pi\u00e8ce de Reginald Rose, Douze hommes en col\u00e8re , sera mise en sc\u00e8ne par la troupe Les Colima\u00e7ons\u00a0de l\u2019association Spirale. Dans cette version revisit\u00e9e, le jury r\u00e9uni dans une salle de d\u00e9lib\u00e9ration, doit d\u00e9cider du sort d\u2019un adolescent de 16 ans accus\u00e9 du meurtre de son p\u00e8re. La metteuse en sc\u00e8ne Laure Pinatel explique\u00a0: \u00ab\u00a0Dans notre version contemporaine, nous avons choisi de moderniser les personnages et de ne pas situer l\u2019action dans un lieu ou une \u00e9poque pr\u00e9cise. Le jury est d\u00e9sormais compos\u00e9 d\u2019hommes et de femmes, et ce flou volontaire permet de recentrer le propos sur l\u2019essentiel\u00a0: le doute.\u00a0\u00bb<\/p>\n<p>Samedi 24\u00a0mai \u00e0 20\u00a0h et dimanche 25\u00a0mai \u00e0 17\u00a0h\u00a030 \u00e0 la salle Edmond-Vigne \u00e0 Fontaine, les spectateurs pourront assister \u00e0 l\u2019\u00e9branlement de convictions profond\u00e9ment par une simple question et vivre une exp\u00e9rience th\u00e9\u00e2trale intense, o\u00f9 justice et v\u00e9rit\u00e9 se confrontent \u00e0 l\u2019intime.<\/p>\n","protected":false},"excerpt":{"rendered":"Le week-end prochain, la pi\u00e8ce de Reginald Rose, Douze hommes en col\u00e8re , sera mise en sc\u00e8ne par&hellip;\n","protected":false},"author":2,"featured_media":107135,"comment_status":"","ping_status":"","sticky":false,"template":"","format":"standard","meta":{"footnotes":""},"categories":[9566],"tags":[1111,11,2430,1687,112,1777,674,9592,11680,1011,27,2731,12,25,3140],"class_list":{"0":"post-107134","1":"post","2":"type-post","3":"status-publish","4":"format-standard","5":"has-post-thumbnail","7":"category-grenoble","8":"tag-actu","9":"tag-actualites","10":"tag-auvergne-rhone-alpes","11":"tag-culture-loisirs","12":"tag-edition-grenoble-agglomeration","13":"tag-eu","14":"tag-europe","15":"tag-fontaine","16":"tag-fontaine-bassin","17":"tag-fr","18":"tag-france","19":"tag-grenoble","20":"tag-news","21":"tag-republique-francaise","22":"tag-spectacle"},"share_on_mastodon":{"url":"https:\/\/pubeurope.com\/@fr\/114523617607599880","error":""},"_links":{"self":[{"href":"https:\/\/www.europesays.com\/fr\/wp-json\/wp\/v2\/posts\/107134","targetHints":{"allow":["GET"]}}],"collection":[{"href":"https:\/\/www.europesays.com\/fr\/wp-json\/wp\/v2\/posts"}],"about":[{"href":"https:\/\/www.europesays.com\/fr\/wp-json\/wp\/v2\/types\/post"}],"author":[{"embeddable":true,"href":"https:\/\/www.europesays.com\/fr\/wp-json\/wp\/v2\/users\/2"}],"replies":[{"embeddable":true,"href":"https:\/\/www.europesays.com\/fr\/wp-json\/wp\/v2\/comments?post=107134"}],"version-history":[{"count":0,"href":"https:\/\/www.europesays.com\/fr\/wp-json\/wp\/v2\/posts\/107134\/revisions"}],"wp:featuredmedia":[{"embeddable":true,"href":"https:\/\/www.europesays.com\/fr\/wp-json\/wp\/v2\/media\/107135"}],"wp:attachment":[{"href":"https:\/\/www.europesays.com\/fr\/wp-json\/wp\/v2\/media?parent=107134"}],"wp:term":[{"taxonomy":"category","embeddable":true,"href":"https:\/\/www.europesays.com\/fr\/wp-json\/wp\/v2\/categories?post=107134"},{"taxonomy":"post_tag","embeddable":true,"href":"https:\/\/www.europesays.com\/fr\/wp-json\/wp\/v2\/tags?post=107134"}],"curies":[{"name":"wp","href":"https:\/\/api.w.org\/{rel}","templated":true}]}}