{"id":107136,"date":"2025-05-17T14:21:33","date_gmt":"2025-05-17T14:21:33","guid":{"rendered":"https:\/\/www.europesays.com\/fr\/107136\/"},"modified":"2025-05-17T14:21:33","modified_gmt":"2025-05-17T14:21:33","slug":"pro-d2-il-y-a-des-choses-a-regler-mais-ca-va-venir-une-victoire-tres-laborieuse-et-une-premiere-place-recuperee-le-fcg-finit-sur-une-impression-mitigee","status":"publish","type":"post","link":"https:\/\/www.europesays.com\/fr\/107136\/","title":{"rendered":"Pro D2. \u00ab Il y a des choses \u00e0 r\u00e9gler mais \u00e7a va venir \u00bb : une victoire tr\u00e8s laborieuse et une premi\u00e8re place r\u00e9cup\u00e9r\u00e9e&#8230; le FCG finit sur une impression mitig\u00e9e"},"content":{"rendered":"<p class=\"insetTitle\">R\u00e9actions<\/p>\n<p><strong>Nicolas Nadau (co-entra\u00eeneur de Grenoble)<\/strong>\u00a0: \u00ab On s\u2019\u00e9tait fix\u00e9 en d\u00e9but de saison d\u2019\u00eatre invaincu \u00e0 domicile. Et aussi d\u2019atteindre les 20 ou 21 victoires, parce que c\u2019est ce qu\u2019il faut pour \u00eatre demi-finalistes\u00a0selon les statistiques. On y est et il y a une grande satisfaction pour \u00e7a. Maintenant, il y a une troisi\u00e8me \u00e9ch\u00e9ance qui arrive et celle que tout le monde attend. Apr\u00e8s, sur le contenu de ce soir (lire vendredi), bien s\u00fbr qu\u2019on ne peut pas \u00eatre aussi satisfait. Tous ces essais encaiss\u00e9s, c\u2019est le caillou dans la chaussure. C\u2019est dommage parce que je pense qu\u2019on fait une bonne 1re mi-temps. On est plut\u00f4t bien connect\u00e9, on joue plut\u00f4t bien collectivement, on peut mieux finir (les actions)\u2026 mais on fait une reprise de 2e mi-temps qui est catastrophique. Les p\u00e9nalit\u00e9s se sont r\u00e9\u00e9quilibr\u00e9es. Nevers avait bien cibl\u00e9 certaines choses chez nous et ils y sont bien arriv\u00e9s. Ce qui me chagrine le plus, c\u2019est qu\u2019on n\u2019ait pas r\u00e9ussi \u00e0 les bloquer. L\u2019aspect d\u00e9fensif, c\u2019est toujours une question d\u2019engagement et de mental. Il va falloir qu\u2019on \u00e9change entre nous, sur pourquoi on n\u2019a pas r\u00e9ussi \u00e0 bloquer une \u00e9quipe de contre-attaque, et qu\u2019on soit beaucoup plus efficient.\u00a0\u00bb<\/p>\n<p><strong>Romain Fusier (capitaine du FCG)\u00a0:<\/strong> \u00ab\u00a0Finir invaincu \u00e0 domicile, c\u2019\u00e9tait l\u2019objectif et c\u2019est chose faite. On est tr\u00e8s content de \u00e7a ce soir (lire vendredi). Mais on a fait une prestation en demi-teinte, d\u00e9fensivement c\u2019\u00e9tait trop peu, trop maigre. On ne peut pas se permettre. Il fallait faire un grand match pour ne pas avoir une marche trop haute avant la demi-finale. On sait l\u2019importance de gagner \u00e0 domicile, tout le monde attend de savoir o\u00f9 on en est. Offensivement, on n\u2019a pas \u00e9t\u00e9 trop mal, on a eu quelques fautes de main, je trouve qu\u2019il y a eu du mieux par rapport \u00e0 Brive o\u00f9 on a \u00e9t\u00e9 nuls, si je peux me permettre. Il y a des choses \u00e0 r\u00e9gler mais \u00e7a va venir, il ne faut pas que \u00e7a tarde trop. On va se concentrer sur nous, on a beaucoup de travail, peu importe quel adversaire on aura en demi-finale.\u00a0\u00bb<\/p>\n<p><strong>Richard Hardwick (troisi\u00e8me ligne du FCG)\u00a0:<\/strong> \u00ab\u00a0On a s\u00e9curis\u00e9 la victoire dans les derni\u00e8res minutes maintenant on bascule sur la demi-finale. L\u2019\u00e9quation est simple, un match, une victoire sinon on est dehors. On doit pouvoir s\u2019adapter sur les phases finales, je pense qu\u2019on va apprendre beaucoup de cette victoire contre Nevers. En phase finale, on doit avoir un autre \u00e9tat d\u2019esprit, sinon ce sera compliqu\u00e9. On a un super stade, des fans qui font du bruit. Si on est premiers, c\u2019est pour une raison mais maintenant, \u00e7a ne veut plus rien dire. J\u2019ai confiance en notre \u00e9quipe. On a peut-\u00eatre gagn\u00e9 ce soir mais \u00e7a ne veut rien dire.\u00a0\u00bb<\/p>\n<p><strong>Xavier P\u00e9m\u00e9ja (manager de Nevers)\u00a0:<\/strong> \u00ab\u00a0On a montr\u00e9 un niveau int\u00e9ressant. On a eu de la qualit\u00e9. Dommage qu\u2019on ne revienne pas avec le bonus, on termine dixi\u00e8me, non qualifi\u00e9. On marque des essais magnifiques ce soir. Offensivement, c\u2019est la meilleure performance de l\u2019ann\u00e9e. Si on ne d\u00e9fend pas contre eux, c\u2019est compliqu\u00e9. C\u2019est dommage de terminer l\u00e0.\u00a0\u00bb<\/p>\n","protected":false},"excerpt":{"rendered":"R\u00e9actions Nicolas Nadau (co-entra\u00eeneur de Grenoble)\u00a0: \u00ab On s\u2019\u00e9tait fix\u00e9 en d\u00e9but de saison d\u2019\u00eatre invaincu \u00e0 domicile.&hellip;\n","protected":false},"author":2,"featured_media":107137,"comment_status":"","ping_status":"","sticky":false,"template":"","format":"standard","meta":{"footnotes":""},"categories":[9566],"tags":[1111,11,2430,112,113,114,1777,674,2727,107,1701,1011,27,2731,2732,108,12,2308,25,479,517,1947],"class_list":{"0":"post-107136","1":"post","2":"type-post","3":"status-publish","4":"format-standard","5":"has-post-thumbnail","7":"category-grenoble","8":"tag-actu","9":"tag-actualites","10":"tag-auvergne-rhone-alpes","11":"tag-edition-grenoble-agglomeration","12":"tag-edition-gresivaudan-oisans","13":"tag-edition-voiron-saint-marcellin","14":"tag-eu","15":"tag-europe","16":"tag-fcg-fc-grenoble-rugby","17":"tag-fil-info","18":"tag-fil-info-sport","19":"tag-fr","20":"tag-france","21":"tag-grenoble","22":"tag-grenoble-bassin","23":"tag-isere","24":"tag-news","25":"tag-pro-d2","26":"tag-republique-francaise","27":"tag-rugby","28":"tag-sport","29":"tag-sport-national"},"share_on_mastodon":{"url":"https:\/\/pubeurope.com\/@fr\/114523621527521549","error":""},"_links":{"self":[{"href":"https:\/\/www.europesays.com\/fr\/wp-json\/wp\/v2\/posts\/107136","targetHints":{"allow":["GET"]}}],"collection":[{"href":"https:\/\/www.europesays.com\/fr\/wp-json\/wp\/v2\/posts"}],"about":[{"href":"https:\/\/www.europesays.com\/fr\/wp-json\/wp\/v2\/types\/post"}],"author":[{"embeddable":true,"href":"https:\/\/www.europesays.com\/fr\/wp-json\/wp\/v2\/users\/2"}],"replies":[{"embeddable":true,"href":"https:\/\/www.europesays.com\/fr\/wp-json\/wp\/v2\/comments?post=107136"}],"version-history":[{"count":0,"href":"https:\/\/www.europesays.com\/fr\/wp-json\/wp\/v2\/posts\/107136\/revisions"}],"wp:featuredmedia":[{"embeddable":true,"href":"https:\/\/www.europesays.com\/fr\/wp-json\/wp\/v2\/media\/107137"}],"wp:attachment":[{"href":"https:\/\/www.europesays.com\/fr\/wp-json\/wp\/v2\/media?parent=107136"}],"wp:term":[{"taxonomy":"category","embeddable":true,"href":"https:\/\/www.europesays.com\/fr\/wp-json\/wp\/v2\/categories?post=107136"},{"taxonomy":"post_tag","embeddable":true,"href":"https:\/\/www.europesays.com\/fr\/wp-json\/wp\/v2\/tags?post=107136"}],"curies":[{"name":"wp","href":"https:\/\/api.w.org\/{rel}","templated":true}]}}