{"id":107138,"date":"2025-05-17T14:22:20","date_gmt":"2025-05-17T14:22:20","guid":{"rendered":"https:\/\/www.europesays.com\/fr\/107138\/"},"modified":"2025-05-17T14:22:20","modified_gmt":"2025-05-17T14:22:20","slug":"a-rennes-l214-denonce-les-pratiques-commerciales-de-cette-enseigne","status":"publish","type":"post","link":"https:\/\/www.europesays.com\/fr\/107138\/","title":{"rendered":"\u00e0 Rennes, L214 d\u00e9nonce les pratiques commerciales de cette enseigne"},"content":{"rendered":"<p>            Par<br \/>\n        <strong><br \/>\n            <a href=\"https:\/\/actu.fr\/auteur\/laurene-fertin\" title=\"Consulter tous les articles de Laur\u00e8ne Fertin\" target=\"_blank\" rel=\"noopener\">Laur\u00e8ne Fertin<\/a><br \/>\n        <\/strong><\/p>\n<p>        Publi\u00e9 le<\/p>\n<p>            17 mai 2025 \u00e0 11h12        <\/p>\n<p>Il est le \u00ab\u2009dernier supermarch\u00e9 \u00e0 ne pas s\u2019\u00eatre engag\u00e9 sur les conditions d\u2019\u00e9levage des poulets\u2009\u00bb, selon les militants (es) de l\u2019association L214.<\/p>\n<p class=\" wall-content\">\u00c0 <strong>Saint-Gr\u00e9goire,<\/strong> pr\u00e8s de Rennes, les b\u00e9n\u00e9voles se mobiliseront <strong>ce samedi 17\u00a0mai 2025 \u00e0 14\u2009h<\/strong>, devant le magasin <strong>Grand Frais<\/strong> comme dans 30 autres villes de France.<\/p>\n<p>\u00ab\u2009Grand Frais, grande cruaut\u00e9\u2009\u00bb<\/p>\n<p class=\" wall-content\">Des <strong>banderoles,<\/strong> des <strong>panneaux<\/strong> et des <strong>tracts<\/strong> seront <strong>distribu\u00e9s aux clients (es)<\/strong> pour d\u00e9noncer, sous le format de cartoons, <strong>\u00ab\u2009certaines pratiques particuli\u00e8rement cruelles<\/strong> qui perdurent dans les \u00e9levages de poulets fournissant l\u2019enseigne\u2009\u00bb\u2009:<\/p>\n<blockquote class=\"ac-article-quote wall-content\">\n<p>La s\u00e9lection g\u00e9n\u00e9tique pouss\u00e9e, les densit\u00e9s d\u2019\u00e9levage pouvant atteindre 20 oiseaux par m\u00e8tre carr\u00e9, et le nombre accru de maladies et de pathologies que ces pratiques engendrent.<\/p>\n<p>    <strong>L214<\/strong>\n            <\/p><\/blockquote>\n<p class=\" wall-content\">Les b\u00e9n\u00e9voles de L214 colleront quatre mod\u00e8les de <strong>stickers<\/strong> sur les barquettes de viande de poulets propos\u00e9es \u00e0 la vente\u2009: \u00ab\u2009Grandes souffrances\u2009\u00bb, \u00ab\u2009Grandes densit\u00e9s\u2009\u00bb, \u00ab\u2009Grand poulet\u2009\u00bb et \u00ab\u2009Grand dernier\u2009\u00bb, pour d\u00e9noncer le retard de Grand Frais sur ses concurrents.<\/p>\n<p class=\" wall-content\">Les clients (es) pourront signer <a href=\"https:\/\/url.de.m.mimecastprotect.com\/s\/dxfcCqQOLEcG6rmqfEsVfEl5cO?domain=u11714644.ct.sendgrid.net\" target=\"_blank\" rel=\"noopener\"><strong>une p\u00e9tition<\/strong> adress\u00e9e \u00e0 l\u2019enseigne<\/a>, ou <strong>d\u00e9poser une lettre<\/strong> signifiant leur m\u00e9contentement \u00e0 l\u2019accueil de leur magasin.<\/p>\n<p>Vid\u00e9os : en ce moment sur Actu<\/p>\n<p class=\" wall-content\">Suivez toute l\u2019actualit\u00e9 de vos villes et m\u00e9dias favoris en vous inscrivant \u00e0 <a href=\"https:\/\/moncompte.actu.fr\" title=\"D\u00e9couvez Mon Actu\" rel=\"nofollow noopener\" data-trk=\"{&quot;cta&quot;:{&quot;action&quot;:&quot;https:\\\/\\\/moncompte.actu.fr&quot;,&quot;category&quot;:&quot;mon compte&quot;,&quot;from&quot;:&quot;article footer&quot;,&quot;name&quot;:&quot;Mon actu&quot;,&quot;type&quot;:&quot;cta&quot;}}\" target=\"_blank\">Mon Actu<\/a>.<\/p>\n","protected":false},"excerpt":{"rendered":"Par Laur\u00e8ne Fertin Publi\u00e9 le 17 mai 2025 \u00e0 11h12 Il est le \u00ab\u2009dernier supermarch\u00e9 \u00e0 ne pas&hellip;\n","protected":false},"author":2,"featured_media":107139,"comment_status":"","ping_status":"","sticky":false,"template":"","format":"standard","meta":{"footnotes":""},"categories":[2821],"tags":[1111,11,1867,829,1777,674,1011,27,6795,1272,12,584,25,104],"class_list":{"0":"post-107138","1":"post","2":"type-post","3":"status-publish","4":"format-standard","5":"has-post-thumbnail","7":"category-rennes","8":"tag-actu","9":"tag-actualites","10":"tag-animaux","11":"tag-bretagne","12":"tag-eu","13":"tag-europe","14":"tag-fr","15":"tag-france","16":"tag-maltraitance-animale","17":"tag-manifestations","18":"tag-news","19":"tag-rennes","20":"tag-republique-francaise","21":"tag-societe"},"share_on_mastodon":{"url":"https:\/\/pubeurope.com\/@fr\/114523625546488466","error":""},"_links":{"self":[{"href":"https:\/\/www.europesays.com\/fr\/wp-json\/wp\/v2\/posts\/107138","targetHints":{"allow":["GET"]}}],"collection":[{"href":"https:\/\/www.europesays.com\/fr\/wp-json\/wp\/v2\/posts"}],"about":[{"href":"https:\/\/www.europesays.com\/fr\/wp-json\/wp\/v2\/types\/post"}],"author":[{"embeddable":true,"href":"https:\/\/www.europesays.com\/fr\/wp-json\/wp\/v2\/users\/2"}],"replies":[{"embeddable":true,"href":"https:\/\/www.europesays.com\/fr\/wp-json\/wp\/v2\/comments?post=107138"}],"version-history":[{"count":0,"href":"https:\/\/www.europesays.com\/fr\/wp-json\/wp\/v2\/posts\/107138\/revisions"}],"wp:featuredmedia":[{"embeddable":true,"href":"https:\/\/www.europesays.com\/fr\/wp-json\/wp\/v2\/media\/107139"}],"wp:attachment":[{"href":"https:\/\/www.europesays.com\/fr\/wp-json\/wp\/v2\/media?parent=107138"}],"wp:term":[{"taxonomy":"category","embeddable":true,"href":"https:\/\/www.europesays.com\/fr\/wp-json\/wp\/v2\/categories?post=107138"},{"taxonomy":"post_tag","embeddable":true,"href":"https:\/\/www.europesays.com\/fr\/wp-json\/wp\/v2\/tags?post=107138"}],"curies":[{"name":"wp","href":"https:\/\/api.w.org\/{rel}","templated":true}]}}